{"id":7309,"date":"2017-11-15T10:09:59","date_gmt":"2017-11-15T10:09:59","guid":{"rendered":"http:\/\/blogdorogeriogomes.com.br\/?p=7309"},"modified":"2017-11-15T10:09:59","modified_gmt":"2017-11-15T10:09:59","slug":"gleisi-hoffmann-diz-que-lula-sera-candidato-em-2018-seja-condenado-ou-nao","status":"publish","type":"post","link":"https:\/\/blogdorogeriogomes.com.br\/noticias\/2017\/11\/gleisi-hoffmann-diz-que-lula-sera-candidato-em-2018-seja-condenado-ou-nao\/","title":{"rendered":"Gleisi Hoffmann diz que Lula ser\u00e1 candidato em 2018, seja condenado ou n\u00e3o"},"content":{"rendered":"<p><img loading=\"lazy\" decoding=\"async\" class=\"alignnone size-medium wp-image-7310\" src=\"http:\/\/blogdorogeriogomes.com.br\/wp-content\/uploads\/2017\/11\/images-14-300x200.jpeg\" alt=\"images (14)\" width=\"300\" height=\"200\" srcset=\"https:\/\/blogdorogeriogomes.com.br\/noticias\/wp-content\/uploads\/2017\/11\/images-14-300x200.jpeg 300w, https:\/\/blogdorogeriogomes.com.br\/noticias\/wp-content\/uploads\/2017\/11\/images-14.jpeg 470w\" sizes=\"auto, (max-width: 300px) 100vw, 300px\" \/><\/p>\n<p><span style=\"font-weight: 400;\">A c\u00fapula nacional do PT esteve em Fortaleza para o lan\u00e7amento da plataforma digital &#8220;Cear\u00e1 e Brasil que o Povo Quer&#8221;. E na passagem pela Capital Cearense, a presidente nacional do Partido dos Trabalhadores, senadora Gleisi Hoffmann, deixou claro que o ex-presidente Lula ser\u00e1 candidato em 2018, independentemente de decis\u00e3o do Tribunal Regional Federal da 4\u00aa Regi\u00e3o (TRF-4). Ou seja, mesmo que seja condenado. \u201cMesmo que o TRF condene ele, temos mecanismos judiciais para que ele se candidate&#8221;, declarou a presidente nacional do PT.<\/span><\/p>\n<p><span style=\"font-weight: 400;\">Gleisi Hoffmann acredita que o caminho para a esquerda nas elei\u00e7\u00f5es do pr\u00f3ximo ano \u00e9 formar uma frente de resist\u00eancia reunindo PDT, PCdoB, PSB e at\u00e9 com o PSOL. \u201cN\u00e3o h\u00e1 possibilidade de suspens\u00e3o da candidatura de Lula\u201d.<\/span><\/p>\n","protected":false},"excerpt":{"rendered":"<p>A c\u00fapula nacional do PT esteve em Fortaleza para o lan\u00e7amento da plataforma digital &#8220;Cear\u00e1 e Brasil que o Povo Quer&#8221;. E na passagem pela Capital Cearense, a presidente nacional do Partido dos Trabalhadores, senadora Gleisi Hoffmann, deixou claro que o ex-presidente Lula ser\u00e1 candidato em 2018, independentemente de decis\u00e3o do Tribunal Regional Federal da 4\u00aa Regi\u00e3o (TRF-4). Ou seja, mesmo que seja condenado. \u201cMesmo que o TRF condene ele, temos mecanismos judiciais para que ele se candidate&#8221;, declarou&hellip;<\/p>\n","protected":false},"author":1,"featured_media":0,"comment_status":"open","ping_status":"open","sticky":false,"template":"","format":"standard","meta":{"footnotes":""},"categories":[1],"tags":[],"class_list":["post-7309","post","type-post","status-publish","format-standard","hentry","category-noticias"],"_links":{"self":[{"href":"https:\/\/blogdorogeriogomes.com.br\/noticias\/wp-json\/wp\/v2\/posts\/7309","targetHints":{"allow":["GET"]}}],"collection":[{"href":"https:\/\/blogdorogeriogomes.com.br\/noticias\/wp-json\/wp\/v2\/posts"}],"about":[{"href":"https:\/\/blogdorogeriogomes.com.br\/noticias\/wp-json\/wp\/v2\/types\/post"}],"author":[{"embeddable":true,"href":"https:\/\/blogdorogeriogomes.com.br\/noticias\/wp-json\/wp\/v2\/users\/1"}],"replies":[{"embeddable":true,"href":"https:\/\/blogdorogeriogomes.com.br\/noticias\/wp-json\/wp\/v2\/comments?post=7309"}],"version-history":[{"count":1,"href":"https:\/\/blogdorogeriogomes.com.br\/noticias\/wp-json\/wp\/v2\/posts\/7309\/revisions"}],"predecessor-version":[{"id":7311,"href":"https:\/\/blogdorogeriogomes.com.br\/noticias\/wp-json\/wp\/v2\/posts\/7309\/revisions\/7311"}],"wp:attachment":[{"href":"https:\/\/blogdorogeriogomes.com.br\/noticias\/wp-json\/wp\/v2\/media?parent=7309"}],"wp:term":[{"taxonomy":"category","embeddable":true,"href":"https:\/\/blogdorogeriogomes.com.br\/noticias\/wp-json\/wp\/v2\/categories?post=7309"},{"taxonomy":"post_tag","embeddable":true,"href":"https:\/\/blogdorogeriogomes.com.br\/noticias\/wp-json\/wp\/v2\/tags?post=7309"}],"curies":[{"name":"wp","href":"https:\/\/api.w.org\/{rel}","templated":true}]}}