{"id":7312,"date":"2017-11-16T08:39:55","date_gmt":"2017-11-16T08:39:55","guid":{"rendered":"http:\/\/blogdorogeriogomes.com.br\/?p=7312"},"modified":"2017-11-16T08:39:55","modified_gmt":"2017-11-16T08:39:55","slug":"temer-fara-reforma-ministerial-mas-quer-poupar-os-acusados-na-lava-jato","status":"publish","type":"post","link":"https:\/\/blogdorogeriogomes.com.br\/noticias\/2017\/11\/temer-fara-reforma-ministerial-mas-quer-poupar-os-acusados-na-lava-jato\/","title":{"rendered":"Temer far\u00e1 reforma ministerial, mas quer poupar os acusados na Lava Jato"},"content":{"rendered":"<p><img loading=\"lazy\" decoding=\"async\" class=\"alignnone size-medium wp-image-7313\" src=\"http:\/\/blogdorogeriogomes.com.br\/wp-content\/uploads\/2017\/11\/images-15-300x184.jpeg\" alt=\"images (15)\" width=\"300\" height=\"184\" srcset=\"https:\/\/blogdorogeriogomes.com.br\/noticias\/wp-content\/uploads\/2017\/11\/images-15-300x184.jpeg 300w, https:\/\/blogdorogeriogomes.com.br\/noticias\/wp-content\/uploads\/2017\/11\/images-15.jpeg 490w\" sizes=\"auto, (max-width: 300px) 100vw, 300px\" \/><\/p>\n<p><span style=\"font-weight: 400;\">A reforma ministerial de Temer vai sair. Umas mudan\u00e7as previstas \u00e9 na articula\u00e7\u00e3o pol\u00edtica. O \u00a0ministro Antonio Imbassahy (PSDB-BA) deve deixar a Secretaria de Governo. <\/span><\/p>\n<p><span style=\"font-weight: 400;\">Mas o presidente Michel Temer deve preservar nomes que estejam sob investiga\u00e7\u00e3o da Opera\u00e7\u00e3o Lava Jato. S\u00e3o os casos dos ministros Marcos Pereira (Ind\u00fastria e Com\u00e9rcio), do PRB, e Gilberto Kassab (Ci\u00eancia, Tecnologia e Comunica\u00e7\u00f5es), do PSD.<\/span><\/p>\n<p><span style=\"font-weight: 400;\">A iniciativa tem o objetivo de manter o foro privilegiado dos dois ministros que precisam ser investigados pelo Supremo Tribunal Federal. Se deixarem o Minist\u00e9rio, poder\u00e3o ser julgados em Primeira Inst\u00e2ncia.<\/span><\/p>\n","protected":false},"excerpt":{"rendered":"<p>A reforma ministerial de Temer vai sair. Umas mudan\u00e7as previstas \u00e9 na articula\u00e7\u00e3o pol\u00edtica. O \u00a0ministro Antonio Imbassahy (PSDB-BA) deve deixar a Secretaria de Governo. Mas o presidente Michel Temer deve preservar nomes que estejam sob investiga\u00e7\u00e3o da Opera\u00e7\u00e3o Lava Jato. S\u00e3o os casos dos ministros Marcos Pereira (Ind\u00fastria e Com\u00e9rcio), do PRB, e Gilberto Kassab (Ci\u00eancia, Tecnologia e Comunica\u00e7\u00f5es), do PSD. A iniciativa tem o objetivo de manter o foro privilegiado dos dois ministros que precisam ser investigados&hellip;<\/p>\n","protected":false},"author":1,"featured_media":0,"comment_status":"open","ping_status":"open","sticky":false,"template":"","format":"standard","meta":{"footnotes":""},"categories":[1],"tags":[],"class_list":["post-7312","post","type-post","status-publish","format-standard","hentry","category-noticias"],"_links":{"self":[{"href":"https:\/\/blogdorogeriogomes.com.br\/noticias\/wp-json\/wp\/v2\/posts\/7312","targetHints":{"allow":["GET"]}}],"collection":[{"href":"https:\/\/blogdorogeriogomes.com.br\/noticias\/wp-json\/wp\/v2\/posts"}],"about":[{"href":"https:\/\/blogdorogeriogomes.com.br\/noticias\/wp-json\/wp\/v2\/types\/post"}],"author":[{"embeddable":true,"href":"https:\/\/blogdorogeriogomes.com.br\/noticias\/wp-json\/wp\/v2\/users\/1"}],"replies":[{"embeddable":true,"href":"https:\/\/blogdorogeriogomes.com.br\/noticias\/wp-json\/wp\/v2\/comments?post=7312"}],"version-history":[{"count":1,"href":"https:\/\/blogdorogeriogomes.com.br\/noticias\/wp-json\/wp\/v2\/posts\/7312\/revisions"}],"predecessor-version":[{"id":7314,"href":"https:\/\/blogdorogeriogomes.com.br\/noticias\/wp-json\/wp\/v2\/posts\/7312\/revisions\/7314"}],"wp:attachment":[{"href":"https:\/\/blogdorogeriogomes.com.br\/noticias\/wp-json\/wp\/v2\/media?parent=7312"}],"wp:term":[{"taxonomy":"category","embeddable":true,"href":"https:\/\/blogdorogeriogomes.com.br\/noticias\/wp-json\/wp\/v2\/categories?post=7312"},{"taxonomy":"post_tag","embeddable":true,"href":"https:\/\/blogdorogeriogomes.com.br\/noticias\/wp-json\/wp\/v2\/tags?post=7312"}],"curies":[{"name":"wp","href":"https:\/\/api.w.org\/{rel}","templated":true}]}}