{"id":7323,"date":"2017-11-16T20:53:56","date_gmt":"2017-11-16T20:53:56","guid":{"rendered":"http:\/\/blogdorogeriogomes.com.br\/?p=7323"},"modified":"2017-11-16T20:53:56","modified_gmt":"2017-11-16T20:53:56","slug":"comercio-do-centro-tera-horario-de-atendimento-ampliado-em-dezembro","status":"publish","type":"post","link":"https:\/\/blogdorogeriogomes.com.br\/noticias\/2017\/11\/comercio-do-centro-tera-horario-de-atendimento-ampliado-em-dezembro\/","title":{"rendered":"Com\u00e9rcio do Centro ter\u00e1 hor\u00e1rio de atendimento ampliado em dezembro"},"content":{"rendered":"<p><img loading=\"lazy\" decoding=\"async\" class=\"alignnone size-medium wp-image-7324\" src=\"http:\/\/blogdorogeriogomes.com.br\/wp-content\/uploads\/2017\/11\/images-17-300x200.jpeg\" alt=\"images (17)\" width=\"300\" height=\"200\" srcset=\"https:\/\/blogdorogeriogomes.com.br\/noticias\/wp-content\/uploads\/2017\/11\/images-17-300x200.jpeg 300w, https:\/\/blogdorogeriogomes.com.br\/noticias\/wp-content\/uploads\/2017\/11\/images-17.jpeg 470w\" sizes=\"auto, (max-width: 300px) 100vw, 300px\" \/><\/p>\n<p><span style=\"font-weight: 400;\">O setor lojista da Capital espera um crescimento de 4% nas vendas de fim de ano. Por isso, aposta na busca pelo consumidor. A C\u00e2mara de Dirigentes Lojistas (CDL) vai passar a adotar, a partir de 2 de dezembro, o hor\u00e1rio de funcionamento dos estabelecimentos aos s\u00e1bados das 8 da manh\u00e3 \u00e0s 7 da noite. Na segunda quinzena de dezembro, quando as vendas estiverem mais aquecidas por causa do Natal, o novo hor\u00e1rio ser\u00e1 adotado de segunda a s\u00e1bado.<\/span><\/p>\n<p><span style=\"font-weight: 400;\">De acordo com a CDL, no per\u00edodo de 21 a 24 de dezembro, o funcionamento das lojas ser\u00e1 estendido at\u00e9 as 20 horas no Centro. Os dirigentes lojistas t\u00eam refor\u00e7ado junto \u00e0s autoridades, a necessidade de refor\u00e7o no policiamento para garantir a seguran\u00e7a dos clientes e comerci\u00e1rios, como tamb\u00e9m da oferta de transporte p\u00fablico que venha a atender os funcion\u00e1rios das lojas no retorno para casa.<\/span><\/p>\n","protected":false},"excerpt":{"rendered":"<p>O setor lojista da Capital espera um crescimento de 4% nas vendas de fim de ano. Por isso, aposta na busca pelo consumidor. A C\u00e2mara de Dirigentes Lojistas (CDL) vai passar a adotar, a partir de 2 de dezembro, o hor\u00e1rio de funcionamento dos estabelecimentos aos s\u00e1bados das 8 da manh\u00e3 \u00e0s 7 da noite. Na segunda quinzena de dezembro, quando as vendas estiverem mais aquecidas por causa do Natal, o novo hor\u00e1rio ser\u00e1 adotado de segunda a s\u00e1bado.&hellip;<\/p>\n","protected":false},"author":1,"featured_media":0,"comment_status":"open","ping_status":"open","sticky":false,"template":"","format":"standard","meta":{"footnotes":""},"categories":[1],"tags":[],"class_list":["post-7323","post","type-post","status-publish","format-standard","hentry","category-noticias"],"_links":{"self":[{"href":"https:\/\/blogdorogeriogomes.com.br\/noticias\/wp-json\/wp\/v2\/posts\/7323","targetHints":{"allow":["GET"]}}],"collection":[{"href":"https:\/\/blogdorogeriogomes.com.br\/noticias\/wp-json\/wp\/v2\/posts"}],"about":[{"href":"https:\/\/blogdorogeriogomes.com.br\/noticias\/wp-json\/wp\/v2\/types\/post"}],"author":[{"embeddable":true,"href":"https:\/\/blogdorogeriogomes.com.br\/noticias\/wp-json\/wp\/v2\/users\/1"}],"replies":[{"embeddable":true,"href":"https:\/\/blogdorogeriogomes.com.br\/noticias\/wp-json\/wp\/v2\/comments?post=7323"}],"version-history":[{"count":1,"href":"https:\/\/blogdorogeriogomes.com.br\/noticias\/wp-json\/wp\/v2\/posts\/7323\/revisions"}],"predecessor-version":[{"id":7325,"href":"https:\/\/blogdorogeriogomes.com.br\/noticias\/wp-json\/wp\/v2\/posts\/7323\/revisions\/7325"}],"wp:attachment":[{"href":"https:\/\/blogdorogeriogomes.com.br\/noticias\/wp-json\/wp\/v2\/media?parent=7323"}],"wp:term":[{"taxonomy":"category","embeddable":true,"href":"https:\/\/blogdorogeriogomes.com.br\/noticias\/wp-json\/wp\/v2\/categories?post=7323"},{"taxonomy":"post_tag","embeddable":true,"href":"https:\/\/blogdorogeriogomes.com.br\/noticias\/wp-json\/wp\/v2\/tags?post=7323"}],"curies":[{"name":"wp","href":"https:\/\/api.w.org\/{rel}","templated":true}]}}