{"id":7326,"date":"2017-11-17T08:54:38","date_gmt":"2017-11-17T08:54:38","guid":{"rendered":"http:\/\/blogdorogeriogomes.com.br\/?p=7326"},"modified":"2017-11-17T08:54:38","modified_gmt":"2017-11-17T08:54:38","slug":"projeto-juntos-por-fortaleza-e-lancado-em-parceria-do-governo-e-prefeitura","status":"publish","type":"post","link":"https:\/\/blogdorogeriogomes.com.br\/noticias\/2017\/11\/projeto-juntos-por-fortaleza-e-lancado-em-parceria-do-governo-e-prefeitura\/","title":{"rendered":"Projeto Juntos por Fortaleza \u00e9 lan\u00e7ado em parceria do Governo e Prefeitura"},"content":{"rendered":"<p><img loading=\"lazy\" decoding=\"async\" class=\"alignnone size-medium wp-image-7327\" src=\"http:\/\/blogdorogeriogomes.com.br\/wp-content\/uploads\/2017\/11\/images-18-300x200.jpeg\" alt=\"images (18)\" width=\"300\" height=\"200\" srcset=\"https:\/\/blogdorogeriogomes.com.br\/noticias\/wp-content\/uploads\/2017\/11\/images-18-300x200.jpeg 300w, https:\/\/blogdorogeriogomes.com.br\/noticias\/wp-content\/uploads\/2017\/11\/images-18.jpeg 470w\" sizes=\"auto, (max-width: 300px) 100vw, 300px\" \/><\/p>\n<p><span style=\"font-weight: 400;\">O governador Camilo Santana e o prefeito de Fortaleza, Roberto Cl\u00e1udio, apresentam, nesta sexta-feira, dia 17 de novembro, o projeto Juntos Por Fortaleza, que concentra investimentos para a\u00e7\u00f5es e obras na Capital que est\u00e3o sendo desenvolvidas de forma integrada. <\/span><\/p>\n<p><span style=\"font-weight: 400;\">No encontro \u00e9 esperada a participa\u00e7\u00e3o do presidente do Senado, Eun\u00edcio Oliveira. Ele tem sido pe\u00e7a importante na libera\u00e7\u00e3o de recursos internacionais para o Governo do Estado e Prefeitura de Fortaleza nos \u00faltimos meses, o que o aproximou politicamente do<\/span><\/p>\n<p><span style=\"font-weight: 400;\">governador Camilo Santana e do prefeito Roberto Cl\u00e1udio.<\/span><span style=\"font-weight: 400;\"><br \/>\n<\/span><span style=\"font-weight: 400;\">No projeto Juntos Por Fortaleza, or\u00e7ado em R$ 1 bilh\u00e3o de reais, constam projetos como a Nova Beira Mar, novos viadutos, t\u00faneis e bin\u00e1rios, constru\u00e7\u00e3o de outros Cucas, novas pra\u00e7as e areninhas.<\/span><\/p>\n","protected":false},"excerpt":{"rendered":"<p>O governador Camilo Santana e o prefeito de Fortaleza, Roberto Cl\u00e1udio, apresentam, nesta sexta-feira, dia 17 de novembro, o projeto Juntos Por Fortaleza, que concentra investimentos para a\u00e7\u00f5es e obras na Capital que est\u00e3o sendo desenvolvidas de forma integrada. No encontro \u00e9 esperada a participa\u00e7\u00e3o do presidente do Senado, Eun\u00edcio Oliveira. Ele tem sido pe\u00e7a importante na libera\u00e7\u00e3o de recursos internacionais para o Governo do Estado e Prefeitura de Fortaleza nos \u00faltimos meses, o que o aproximou politicamente do&hellip;<\/p>\n","protected":false},"author":1,"featured_media":0,"comment_status":"open","ping_status":"open","sticky":false,"template":"","format":"standard","meta":{"footnotes":""},"categories":[1],"tags":[],"class_list":["post-7326","post","type-post","status-publish","format-standard","hentry","category-noticias"],"_links":{"self":[{"href":"https:\/\/blogdorogeriogomes.com.br\/noticias\/wp-json\/wp\/v2\/posts\/7326","targetHints":{"allow":["GET"]}}],"collection":[{"href":"https:\/\/blogdorogeriogomes.com.br\/noticias\/wp-json\/wp\/v2\/posts"}],"about":[{"href":"https:\/\/blogdorogeriogomes.com.br\/noticias\/wp-json\/wp\/v2\/types\/post"}],"author":[{"embeddable":true,"href":"https:\/\/blogdorogeriogomes.com.br\/noticias\/wp-json\/wp\/v2\/users\/1"}],"replies":[{"embeddable":true,"href":"https:\/\/blogdorogeriogomes.com.br\/noticias\/wp-json\/wp\/v2\/comments?post=7326"}],"version-history":[{"count":1,"href":"https:\/\/blogdorogeriogomes.com.br\/noticias\/wp-json\/wp\/v2\/posts\/7326\/revisions"}],"predecessor-version":[{"id":7328,"href":"https:\/\/blogdorogeriogomes.com.br\/noticias\/wp-json\/wp\/v2\/posts\/7326\/revisions\/7328"}],"wp:attachment":[{"href":"https:\/\/blogdorogeriogomes.com.br\/noticias\/wp-json\/wp\/v2\/media?parent=7326"}],"wp:term":[{"taxonomy":"category","embeddable":true,"href":"https:\/\/blogdorogeriogomes.com.br\/noticias\/wp-json\/wp\/v2\/categories?post=7326"},{"taxonomy":"post_tag","embeddable":true,"href":"https:\/\/blogdorogeriogomes.com.br\/noticias\/wp-json\/wp\/v2\/tags?post=7326"}],"curies":[{"name":"wp","href":"https:\/\/api.w.org\/{rel}","templated":true}]}}