{"id":7329,"date":"2017-11-17T09:11:33","date_gmt":"2017-11-17T09:11:33","guid":{"rendered":"http:\/\/blogdorogeriogomes.com.br\/?p=7329"},"modified":"2017-11-17T09:11:33","modified_gmt":"2017-11-17T09:11:33","slug":"falta-de-material-no-hospital-de-messejana-repercute-na-assembleia-legislativa","status":"publish","type":"post","link":"https:\/\/blogdorogeriogomes.com.br\/noticias\/2017\/11\/falta-de-material-no-hospital-de-messejana-repercute-na-assembleia-legislativa\/","title":{"rendered":"Falta de material no Hospital de Messejana repercute na Assembleia Legislativa"},"content":{"rendered":"<p><img loading=\"lazy\" decoding=\"async\" class=\"alignnone size-medium wp-image-7330\" src=\"http:\/\/blogdorogeriogomes.com.br\/wp-content\/uploads\/2017\/11\/images-19-300x200.jpeg\" alt=\"images (19)\" width=\"300\" height=\"200\" srcset=\"https:\/\/blogdorogeriogomes.com.br\/noticias\/wp-content\/uploads\/2017\/11\/images-19-300x200.jpeg 300w, https:\/\/blogdorogeriogomes.com.br\/noticias\/wp-content\/uploads\/2017\/11\/images-19.jpeg 470w\" sizes=\"auto, (max-width: 300px) 100vw, 300px\" \/><\/p>\n<p><span style=\"font-weight: 400;\">Entidades m\u00e9dicas v\u00eam denunciando a falta de material para procedimentos cir\u00fargicos no hospital de Messejana, em Fortaleza, que \u00e9 refer\u00eancia no Norte\/Nordeste em transplantes card\u00edacos. O assunto repercutiu na Assembleia Legislativa com deputados oposicionistas cobrando solu\u00e7\u00f5es do Governo Estadual.<\/span><\/p>\n<p><span style=\"font-weight: 400;\">A falta de insumos est\u00e1 relacionada a uma briga judicial travada com a empresa fornecedora dos materiais cir\u00fargicos, ap\u00f3s ela n\u00e3o ter repassado lotes do material. O fato gerou a quebra do contrato com o Estado.<\/span><\/p>\n<p><span style=\"font-weight: 400;\">Por nota, a Secretaria da Sa\u00fade do Cear\u00e1 diz que a descontinuidade pontual de alguns insumos m\u00e9dico-hospitalares deve-se a fatores que envolvem o fornecimento, como realinhamentos de pre\u00e7os, atrasos de entrega e requerimentos de troca de marca por parte dos ganhadores das licita\u00e7\u00f5es. O \u00f3rg\u00e3o espera regularizar os estoques em breve.<\/span><\/p>\n","protected":false},"excerpt":{"rendered":"<p>Entidades m\u00e9dicas v\u00eam denunciando a falta de material para procedimentos cir\u00fargicos no hospital de Messejana, em Fortaleza, que \u00e9 refer\u00eancia no Norte\/Nordeste em transplantes card\u00edacos. O assunto repercutiu na Assembleia Legislativa com deputados oposicionistas cobrando solu\u00e7\u00f5es do Governo Estadual. A falta de insumos est\u00e1 relacionada a uma briga judicial travada com a empresa fornecedora dos materiais cir\u00fargicos, ap\u00f3s ela n\u00e3o ter repassado lotes do material. O fato gerou a quebra do contrato com o Estado. Por nota, a Secretaria&hellip;<\/p>\n","protected":false},"author":1,"featured_media":0,"comment_status":"open","ping_status":"open","sticky":false,"template":"","format":"standard","meta":{"footnotes":""},"categories":[1],"tags":[],"class_list":["post-7329","post","type-post","status-publish","format-standard","hentry","category-noticias"],"_links":{"self":[{"href":"https:\/\/blogdorogeriogomes.com.br\/noticias\/wp-json\/wp\/v2\/posts\/7329","targetHints":{"allow":["GET"]}}],"collection":[{"href":"https:\/\/blogdorogeriogomes.com.br\/noticias\/wp-json\/wp\/v2\/posts"}],"about":[{"href":"https:\/\/blogdorogeriogomes.com.br\/noticias\/wp-json\/wp\/v2\/types\/post"}],"author":[{"embeddable":true,"href":"https:\/\/blogdorogeriogomes.com.br\/noticias\/wp-json\/wp\/v2\/users\/1"}],"replies":[{"embeddable":true,"href":"https:\/\/blogdorogeriogomes.com.br\/noticias\/wp-json\/wp\/v2\/comments?post=7329"}],"version-history":[{"count":1,"href":"https:\/\/blogdorogeriogomes.com.br\/noticias\/wp-json\/wp\/v2\/posts\/7329\/revisions"}],"predecessor-version":[{"id":7331,"href":"https:\/\/blogdorogeriogomes.com.br\/noticias\/wp-json\/wp\/v2\/posts\/7329\/revisions\/7331"}],"wp:attachment":[{"href":"https:\/\/blogdorogeriogomes.com.br\/noticias\/wp-json\/wp\/v2\/media?parent=7329"}],"wp:term":[{"taxonomy":"category","embeddable":true,"href":"https:\/\/blogdorogeriogomes.com.br\/noticias\/wp-json\/wp\/v2\/categories?post=7329"},{"taxonomy":"post_tag","embeddable":true,"href":"https:\/\/blogdorogeriogomes.com.br\/noticias\/wp-json\/wp\/v2\/tags?post=7329"}],"curies":[{"name":"wp","href":"https:\/\/api.w.org\/{rel}","templated":true}]}}