{"id":7332,"date":"2017-11-17T18:56:52","date_gmt":"2017-11-17T18:56:52","guid":{"rendered":"http:\/\/blogdorogeriogomes.com.br\/?p=7332"},"modified":"2017-11-17T18:56:52","modified_gmt":"2017-11-17T18:56:52","slug":"justica-e-desmoralizada-com-liberacao-de-deputados-presos-no-rio-de-janeiro","status":"publish","type":"post","link":"https:\/\/blogdorogeriogomes.com.br\/noticias\/2017\/11\/justica-e-desmoralizada-com-liberacao-de-deputados-presos-no-rio-de-janeiro\/","title":{"rendered":"Justi\u00e7a \u00e9 desmoralizada com libera\u00e7\u00e3o de deputados presos no Rio de Janeiro"},"content":{"rendered":"<p><img loading=\"lazy\" decoding=\"async\" class=\"alignnone size-medium wp-image-7333\" src=\"http:\/\/blogdorogeriogomes.com.br\/wp-content\/uploads\/2017\/11\/images-20-300x180.jpeg\" alt=\"images (20)\" width=\"300\" height=\"180\" srcset=\"https:\/\/blogdorogeriogomes.com.br\/noticias\/wp-content\/uploads\/2017\/11\/images-20-300x180.jpeg 300w, https:\/\/blogdorogeriogomes.com.br\/noticias\/wp-content\/uploads\/2017\/11\/images-20.jpeg 495w\" sizes=\"auto, (max-width: 300px) 100vw, 300px\" \/><\/p>\n<p><span style=\"font-weight: 400;\">Aconteceu com o senador A\u00e9cio Neves e agora se repete com tr\u00eas deputados estaduais do Rio de Janeiro. A Justi\u00e7a carioca \u00e9 desmoralizada pela Assembleia Legislativa. Os deputados da Alerj decidiram revogar a pris\u00e3o dos deputados Jorge Picciani (presidente da Casa), Paulo Melo e Edson Albertassi, todos do PMDB.<\/span><\/p>\n<p><span style=\"font-weight: 400;\">Os tr\u00eas parlamentares estavam presos, suspeitos de corrup\u00e7\u00e3o, lavagem e outros crimes apurados pela Opera\u00e7\u00e3o Cadeia Velha, desdobramento da Opera\u00e7\u00e3o Lava Jato.<\/span><span style=\"font-weight: 400;\"><br \/>\n<\/span><span style=\"font-weight: 400;\">Pra completar, quem foi protestar em frente \u00e0 Assembleia Legislativa do Rio de Janeiro apanhou da PM. Policiais lan\u00e7aram bombas de efeito moral e balas de borracha contra manifestantes.<\/span><\/p>\n","protected":false},"excerpt":{"rendered":"<p>Aconteceu com o senador A\u00e9cio Neves e agora se repete com tr\u00eas deputados estaduais do Rio de Janeiro. A Justi\u00e7a carioca \u00e9 desmoralizada pela Assembleia Legislativa. Os deputados da Alerj decidiram revogar a pris\u00e3o dos deputados Jorge Picciani (presidente da Casa), Paulo Melo e Edson Albertassi, todos do PMDB. Os tr\u00eas parlamentares estavam presos, suspeitos de corrup\u00e7\u00e3o, lavagem e outros crimes apurados pela Opera\u00e7\u00e3o Cadeia Velha, desdobramento da Opera\u00e7\u00e3o Lava Jato. Pra completar, quem foi protestar em frente \u00e0&hellip;<\/p>\n","protected":false},"author":1,"featured_media":0,"comment_status":"open","ping_status":"open","sticky":false,"template":"","format":"standard","meta":{"footnotes":""},"categories":[1],"tags":[],"class_list":["post-7332","post","type-post","status-publish","format-standard","hentry","category-noticias"],"_links":{"self":[{"href":"https:\/\/blogdorogeriogomes.com.br\/noticias\/wp-json\/wp\/v2\/posts\/7332","targetHints":{"allow":["GET"]}}],"collection":[{"href":"https:\/\/blogdorogeriogomes.com.br\/noticias\/wp-json\/wp\/v2\/posts"}],"about":[{"href":"https:\/\/blogdorogeriogomes.com.br\/noticias\/wp-json\/wp\/v2\/types\/post"}],"author":[{"embeddable":true,"href":"https:\/\/blogdorogeriogomes.com.br\/noticias\/wp-json\/wp\/v2\/users\/1"}],"replies":[{"embeddable":true,"href":"https:\/\/blogdorogeriogomes.com.br\/noticias\/wp-json\/wp\/v2\/comments?post=7332"}],"version-history":[{"count":1,"href":"https:\/\/blogdorogeriogomes.com.br\/noticias\/wp-json\/wp\/v2\/posts\/7332\/revisions"}],"predecessor-version":[{"id":7334,"href":"https:\/\/blogdorogeriogomes.com.br\/noticias\/wp-json\/wp\/v2\/posts\/7332\/revisions\/7334"}],"wp:attachment":[{"href":"https:\/\/blogdorogeriogomes.com.br\/noticias\/wp-json\/wp\/v2\/media?parent=7332"}],"wp:term":[{"taxonomy":"category","embeddable":true,"href":"https:\/\/blogdorogeriogomes.com.br\/noticias\/wp-json\/wp\/v2\/categories?post=7332"},{"taxonomy":"post_tag","embeddable":true,"href":"https:\/\/blogdorogeriogomes.com.br\/noticias\/wp-json\/wp\/v2\/tags?post=7332"}],"curies":[{"name":"wp","href":"https:\/\/api.w.org\/{rel}","templated":true}]}}