{"id":7335,"date":"2017-11-17T19:15:45","date_gmt":"2017-11-17T19:15:45","guid":{"rendered":"http:\/\/blogdorogeriogomes.com.br\/?p=7335"},"modified":"2017-11-17T19:21:29","modified_gmt":"2017-11-17T19:21:29","slug":"eunicio-oliveira-se-aproxima-de-camilo-e-incomoda-oposicao-e-tambem-a-base-aliada","status":"publish","type":"post","link":"https:\/\/blogdorogeriogomes.com.br\/noticias\/2017\/11\/eunicio-oliveira-se-aproxima-de-camilo-e-incomoda-oposicao-e-tambem-a-base-aliada\/","title":{"rendered":"Eun\u00edcio Oliveira se aproxima de Camilo, incomoda oposi\u00e7\u00e3o e tamb\u00e9m a base aliada"},"content":{"rendered":"<p><img loading=\"lazy\" decoding=\"async\" class=\"alignnone size-medium wp-image-7336\" src=\"http:\/\/blogdorogeriogomes.com.br\/wp-content\/uploads\/2017\/11\/IMG-20171117-WA0057-300x225.jpg\" alt=\"IMG-20171117-WA0057\" width=\"300\" height=\"225\" srcset=\"https:\/\/blogdorogeriogomes.com.br\/noticias\/wp-content\/uploads\/2017\/11\/IMG-20171117-WA0057-300x225.jpg 300w, https:\/\/blogdorogeriogomes.com.br\/noticias\/wp-content\/uploads\/2017\/11\/IMG-20171117-WA0057-768x576.jpg 768w, https:\/\/blogdorogeriogomes.com.br\/noticias\/wp-content\/uploads\/2017\/11\/IMG-20171117-WA0057.jpg 1024w\" sizes=\"auto, (max-width: 300px) 100vw, 300px\" \/><\/p>\n<p><span style=\"font-weight: 400;\">A foto j\u00e1 diz muita coisa. Mas o encontro do senador Eun\u00edcio Oliveira (PMDB) com o governador Camilo Santana (PT) e o prefeito de Fortaleza, Roberto Cl\u00e1udio (PDT), durante evento no Pal\u00e1cio da Aboli\u00e7\u00e3o, reflete o quanto anda movimentado os bastidores pol\u00edticos com vistas \u00e0s elei\u00e7\u00f5es de 2018.<\/span><\/p>\n<p><span style=\"font-weight: 400;\">O encontro de Eun\u00edcio com Camilo e Roberto Cl\u00e1udio incomodou a oposi\u00e7\u00e3o, que j\u00e1 come\u00e7a a descartar a possibilidade do senador peemedebista engrossar as fileiras oposicionistas na sucess\u00e3o estadual do pr\u00f3ximo ano.<\/span><\/p>\n<p><span style=\"font-weight: 400;\">Ao mesmo tempo, a presen\u00e7a de Eun\u00edcio Oliveira pr\u00f3ximo a Camilo Santana tamb\u00e9m incomoda a base aliada. H\u00e1 duas vagas para o Senado em 2018. Eun\u00edcio deve buscar reelei\u00e7\u00e3o. <\/span><\/p>\n<p><span style=\"font-weight: 400;\">Um dos candidatos ao Senado a serem apoiados pelo governador \u00e9 o ex-governador Cid Gomes (PDT), aliado de primeira linha. A outra vaga \u00e9 disputada tamb\u00e9m pelo atual senador Jos\u00e9 Pimentel (PT), que deseja ter o apoio do seu partido e de Camilo na busca da reelei\u00e7\u00e3o. Pimentel at\u00e9 apareceu no evento do Pal\u00e1cio da Aboli\u00e7\u00e3o.<\/span><\/p>\n<p><span style=\"font-weight: 400;\">Ou seja, o governador Camilo Santana ainda tem muita costura pol\u00edtica pra fazer at\u00e9 o pr\u00f3ximo ano. Agora, que Eun\u00edcio Oliveira est\u00e1 bem perto de fechar uma parceria para 2018 com o governador, ningu\u00e9m duvida. Os passos est\u00e3o sendo ensaiados a olho nu.<\/span><\/p>\n","protected":false},"excerpt":{"rendered":"<p>A foto j\u00e1 diz muita coisa. Mas o encontro do senador Eun\u00edcio Oliveira (PMDB) com o governador Camilo Santana (PT) e o prefeito de Fortaleza, Roberto Cl\u00e1udio (PDT), durante evento no Pal\u00e1cio da Aboli\u00e7\u00e3o, reflete o quanto anda movimentado os bastidores pol\u00edticos com vistas \u00e0s elei\u00e7\u00f5es de 2018. O encontro de Eun\u00edcio com Camilo e Roberto Cl\u00e1udio incomodou a oposi\u00e7\u00e3o, que j\u00e1 come\u00e7a a descartar a possibilidade do senador peemedebista engrossar as fileiras oposicionistas na sucess\u00e3o estadual do pr\u00f3ximo&hellip;<\/p>\n","protected":false},"author":1,"featured_media":0,"comment_status":"open","ping_status":"open","sticky":false,"template":"","format":"standard","meta":{"footnotes":""},"categories":[1],"tags":[],"class_list":["post-7335","post","type-post","status-publish","format-standard","hentry","category-noticias"],"_links":{"self":[{"href":"https:\/\/blogdorogeriogomes.com.br\/noticias\/wp-json\/wp\/v2\/posts\/7335","targetHints":{"allow":["GET"]}}],"collection":[{"href":"https:\/\/blogdorogeriogomes.com.br\/noticias\/wp-json\/wp\/v2\/posts"}],"about":[{"href":"https:\/\/blogdorogeriogomes.com.br\/noticias\/wp-json\/wp\/v2\/types\/post"}],"author":[{"embeddable":true,"href":"https:\/\/blogdorogeriogomes.com.br\/noticias\/wp-json\/wp\/v2\/users\/1"}],"replies":[{"embeddable":true,"href":"https:\/\/blogdorogeriogomes.com.br\/noticias\/wp-json\/wp\/v2\/comments?post=7335"}],"version-history":[{"count":2,"href":"https:\/\/blogdorogeriogomes.com.br\/noticias\/wp-json\/wp\/v2\/posts\/7335\/revisions"}],"predecessor-version":[{"id":7338,"href":"https:\/\/blogdorogeriogomes.com.br\/noticias\/wp-json\/wp\/v2\/posts\/7335\/revisions\/7338"}],"wp:attachment":[{"href":"https:\/\/blogdorogeriogomes.com.br\/noticias\/wp-json\/wp\/v2\/media?parent=7335"}],"wp:term":[{"taxonomy":"category","embeddable":true,"href":"https:\/\/blogdorogeriogomes.com.br\/noticias\/wp-json\/wp\/v2\/categories?post=7335"},{"taxonomy":"post_tag","embeddable":true,"href":"https:\/\/blogdorogeriogomes.com.br\/noticias\/wp-json\/wp\/v2\/tags?post=7335"}],"curies":[{"name":"wp","href":"https:\/\/api.w.org\/{rel}","templated":true}]}}