{"id":7339,"date":"2017-11-18T11:35:03","date_gmt":"2017-11-18T11:35:03","guid":{"rendered":"http:\/\/blogdorogeriogomes.com.br\/?p=7339"},"modified":"2017-11-18T11:35:03","modified_gmt":"2017-11-18T11:35:03","slug":"crise-economica-tambem-chega-as-centrais-sindicais","status":"publish","type":"post","link":"https:\/\/blogdorogeriogomes.com.br\/noticias\/2017\/11\/crise-economica-tambem-chega-as-centrais-sindicais\/","title":{"rendered":"Crise econ\u00f4mica tamb\u00e9m chega \u00e0s centrais sindicais"},"content":{"rendered":"<p><img loading=\"lazy\" decoding=\"async\" class=\"alignnone size-medium wp-image-7340\" src=\"http:\/\/blogdorogeriogomes.com.br\/wp-content\/uploads\/2017\/11\/unnamed-3-300x225.jpg\" alt=\"unnamed (3)\" width=\"300\" height=\"225\" srcset=\"https:\/\/blogdorogeriogomes.com.br\/noticias\/wp-content\/uploads\/2017\/11\/unnamed-3-300x225.jpg 300w, https:\/\/blogdorogeriogomes.com.br\/noticias\/wp-content\/uploads\/2017\/11\/unnamed-3.jpg 443w\" sizes=\"auto, (max-width: 300px) 100vw, 300px\" \/><\/p>\n<p><span style=\"font-weight: 400;\">As dificuldades econ\u00f4micas tamb\u00e9m chegaram nas centrais sindicais. A Central \u00danica dos Trabalhadores (CUT) deu in\u00edcio esta semana a um Programa de Demiss\u00e3o Incentivada com o objetivo de reduzir em quase 60% sua folha de pessoal. A CUT alega perdas de arrecada\u00e7\u00e3o com a vig\u00eancia da reforma trabalhista, que acabou com a obrigatoriedade do imposto sindical. O tributo, que equivale a um dia de trabalho, \u00e9 um dos principais recursos das centrais.<\/span><span style=\"font-weight: 400;\"><br \/>\n<\/span><span style=\"font-weight: 400;\">O plano de demiss\u00e3o na CUT vai at\u00e9 4 de dezembro, mas se n\u00e3o tiver a ades\u00e3o dos trabalhadores, ser\u00e1 iniciado um processo de demiss\u00e3o at\u00e9 que se chegue ao percentual desejado.<\/span><span style=\"font-weight: 400;\"><br \/>\n<\/span><span style=\"font-weight: 400;\">Al\u00e9m do Comando Nacional da CUT, sindicatos, dire\u00e7\u00f5es estaduais e federa\u00e7\u00f5es tamb\u00e9m est\u00e3o realizando redu\u00e7\u00e3o da folha de pagamentos.<\/span><\/p>\n","protected":false},"excerpt":{"rendered":"<p>As dificuldades econ\u00f4micas tamb\u00e9m chegaram nas centrais sindicais. A Central \u00danica dos Trabalhadores (CUT) deu in\u00edcio esta semana a um Programa de Demiss\u00e3o Incentivada com o objetivo de reduzir em quase 60% sua folha de pessoal. A CUT alega perdas de arrecada\u00e7\u00e3o com a vig\u00eancia da reforma trabalhista, que acabou com a obrigatoriedade do imposto sindical. O tributo, que equivale a um dia de trabalho, \u00e9 um dos principais recursos das centrais. O plano de demiss\u00e3o na CUT vai&hellip;<\/p>\n","protected":false},"author":1,"featured_media":0,"comment_status":"open","ping_status":"open","sticky":false,"template":"","format":"standard","meta":{"footnotes":""},"categories":[1],"tags":[],"class_list":["post-7339","post","type-post","status-publish","format-standard","hentry","category-noticias"],"_links":{"self":[{"href":"https:\/\/blogdorogeriogomes.com.br\/noticias\/wp-json\/wp\/v2\/posts\/7339","targetHints":{"allow":["GET"]}}],"collection":[{"href":"https:\/\/blogdorogeriogomes.com.br\/noticias\/wp-json\/wp\/v2\/posts"}],"about":[{"href":"https:\/\/blogdorogeriogomes.com.br\/noticias\/wp-json\/wp\/v2\/types\/post"}],"author":[{"embeddable":true,"href":"https:\/\/blogdorogeriogomes.com.br\/noticias\/wp-json\/wp\/v2\/users\/1"}],"replies":[{"embeddable":true,"href":"https:\/\/blogdorogeriogomes.com.br\/noticias\/wp-json\/wp\/v2\/comments?post=7339"}],"version-history":[{"count":1,"href":"https:\/\/blogdorogeriogomes.com.br\/noticias\/wp-json\/wp\/v2\/posts\/7339\/revisions"}],"predecessor-version":[{"id":7341,"href":"https:\/\/blogdorogeriogomes.com.br\/noticias\/wp-json\/wp\/v2\/posts\/7339\/revisions\/7341"}],"wp:attachment":[{"href":"https:\/\/blogdorogeriogomes.com.br\/noticias\/wp-json\/wp\/v2\/media?parent=7339"}],"wp:term":[{"taxonomy":"category","embeddable":true,"href":"https:\/\/blogdorogeriogomes.com.br\/noticias\/wp-json\/wp\/v2\/categories?post=7339"},{"taxonomy":"post_tag","embeddable":true,"href":"https:\/\/blogdorogeriogomes.com.br\/noticias\/wp-json\/wp\/v2\/tags?post=7339"}],"curies":[{"name":"wp","href":"https:\/\/api.w.org\/{rel}","templated":true}]}}