{"id":7342,"date":"2017-11-18T11:59:02","date_gmt":"2017-11-18T11:59:02","guid":{"rendered":"http:\/\/blogdorogeriogomes.com.br\/?p=7342"},"modified":"2017-11-18T12:05:43","modified_gmt":"2017-11-18T12:05:43","slug":"complexo-do-pecem-vive-a-expectativa-do-inicio-da-parceria-com-roterda","status":"publish","type":"post","link":"https:\/\/blogdorogeriogomes.com.br\/noticias\/2017\/11\/complexo-do-pecem-vive-a-expectativa-do-inicio-da-parceria-com-roterda\/","title":{"rendered":"Complexo do Pec\u00e9m vive a expectativa do in\u00edcio da parceria com Roterd\u00e3"},"content":{"rendered":"<p><img loading=\"lazy\" decoding=\"async\" class=\"alignnone size-medium wp-image-7345\" src=\"http:\/\/blogdorogeriogomes.com.br\/wp-content\/uploads\/2017\/11\/images-24-300x200.jpeg\" alt=\"images (24)\" width=\"300\" height=\"200\" srcset=\"https:\/\/blogdorogeriogomes.com.br\/noticias\/wp-content\/uploads\/2017\/11\/images-24-300x200.jpeg 300w, https:\/\/blogdorogeriogomes.com.br\/noticias\/wp-content\/uploads\/2017\/11\/images-24.jpeg 470w\" sizes=\"auto, (max-width: 300px) 100vw, 300px\" \/><\/p>\n<p><span style=\"font-size: 0.8rem;\">A parceria entre o Governo do Estado e o Porto de Roterd\u00e3 para a administra\u00e7\u00e3o do Complexo Portu\u00e1rio do Pec\u00e9m ter\u00e1 in\u00edcio nos primeiros meses de 2018. A proposta do governo \u00e9 tornar o Porto do Pec\u00e9m num grande centro de conex\u00f5es de cargas mar\u00edtimas, escoando mercadorias de todo o Pa\u00eds. A meta \u00e9 dobrar a movimenta\u00e7\u00e3o na pr\u00f3xima d\u00e9cada.<\/span><\/p>\n<p><span style=\"font-weight: 400;\">Al\u00e9m da parceria j\u00e1 fechada com o Porto de Roterd\u00e3, o governador Camilo Santana ainda luta pela instala\u00e7\u00e3o de uma refinaria de petr\u00f3leo, de uma ind\u00fastria petroqu\u00edmica e de uma unidade de regaseifica\u00e7\u00e3o de g\u00e1s natural no Cipp. Projetos para 2018.<\/span><span style=\"font-weight: 400;\"><br \/>\n<\/span><span style=\"font-weight: 400;\">O movimento de cargas no Complexo Portu\u00e1rio do Pec\u00e9m s\u00f3 tem crescido. De janeiro a setembro deste ano, o porto movimentou 11,6 milh\u00f5es de toneladas, um crescimento de 281% em rela\u00e7\u00e3o ao mesmo per\u00edodo de 2012.<\/span><\/p>\n","protected":false},"excerpt":{"rendered":"<p>A parceria entre o Governo do Estado e o Porto de Roterd\u00e3 para a administra\u00e7\u00e3o do Complexo Portu\u00e1rio do Pec\u00e9m ter\u00e1 in\u00edcio nos primeiros meses de 2018. A proposta do governo \u00e9 tornar o Porto do Pec\u00e9m num grande centro de conex\u00f5es de cargas mar\u00edtimas, escoando mercadorias de todo o Pa\u00eds. A meta \u00e9 dobrar a movimenta\u00e7\u00e3o na pr\u00f3xima d\u00e9cada. Al\u00e9m da parceria j\u00e1 fechada com o Porto de Roterd\u00e3, o governador Camilo Santana ainda luta pela instala\u00e7\u00e3o de&hellip;<\/p>\n","protected":false},"author":1,"featured_media":0,"comment_status":"open","ping_status":"open","sticky":false,"template":"","format":"standard","meta":{"footnotes":""},"categories":[1],"tags":[],"class_list":["post-7342","post","type-post","status-publish","format-standard","hentry","category-noticias"],"_links":{"self":[{"href":"https:\/\/blogdorogeriogomes.com.br\/noticias\/wp-json\/wp\/v2\/posts\/7342","targetHints":{"allow":["GET"]}}],"collection":[{"href":"https:\/\/blogdorogeriogomes.com.br\/noticias\/wp-json\/wp\/v2\/posts"}],"about":[{"href":"https:\/\/blogdorogeriogomes.com.br\/noticias\/wp-json\/wp\/v2\/types\/post"}],"author":[{"embeddable":true,"href":"https:\/\/blogdorogeriogomes.com.br\/noticias\/wp-json\/wp\/v2\/users\/1"}],"replies":[{"embeddable":true,"href":"https:\/\/blogdorogeriogomes.com.br\/noticias\/wp-json\/wp\/v2\/comments?post=7342"}],"version-history":[{"count":3,"href":"https:\/\/blogdorogeriogomes.com.br\/noticias\/wp-json\/wp\/v2\/posts\/7342\/revisions"}],"predecessor-version":[{"id":7346,"href":"https:\/\/blogdorogeriogomes.com.br\/noticias\/wp-json\/wp\/v2\/posts\/7342\/revisions\/7346"}],"wp:attachment":[{"href":"https:\/\/blogdorogeriogomes.com.br\/noticias\/wp-json\/wp\/v2\/media?parent=7342"}],"wp:term":[{"taxonomy":"category","embeddable":true,"href":"https:\/\/blogdorogeriogomes.com.br\/noticias\/wp-json\/wp\/v2\/categories?post=7342"},{"taxonomy":"post_tag","embeddable":true,"href":"https:\/\/blogdorogeriogomes.com.br\/noticias\/wp-json\/wp\/v2\/tags?post=7342"}],"curies":[{"name":"wp","href":"https:\/\/api.w.org\/{rel}","templated":true}]}}