{"id":7347,"date":"2017-11-20T09:37:02","date_gmt":"2017-11-20T09:37:02","guid":{"rendered":"http:\/\/blogdorogeriogomes.com.br\/?p=7347"},"modified":"2017-11-20T09:37:02","modified_gmt":"2017-11-20T09:37:02","slug":"mps-de-temer-fecham-a-pauta-do-congresso","status":"publish","type":"post","link":"https:\/\/blogdorogeriogomes.com.br\/noticias\/2017\/11\/mps-de-temer-fecham-a-pauta-do-congresso\/","title":{"rendered":"MPs de Temer fecham a pauta do Congresso"},"content":{"rendered":"<p><img loading=\"lazy\" decoding=\"async\" class=\"alignnone size-full wp-image-7348\" src=\"http:\/\/blogdorogeriogomes.com.br\/wp-content\/uploads\/2017\/11\/download-6.jpeg\" alt=\"download\" width=\"273\" height=\"184\" \/><\/p>\n<p><span style=\"font-weight: 400;\">O festival de Medidas Provis\u00f3rias do Governo Temer fecha a pauta do Congresso Nacional. Depois de uma semana de recesso sem quorum para sess\u00f5es, a C\u00e2mara dos Deputados volta aos trabalhos com a an\u00e1lise de 10 medidas provis\u00f3rias trancando a pauta de vota\u00e7\u00e3o. O Congresso Nacional deve votar oito delas at\u00e9 o fim de novembro.<\/span><\/p>\n<p><span style=\"font-weight: 400;\">Entre as medidas encaminhadas pelo governo que trancam a pauta legislativa est\u00e1 a que trata da participa\u00e7\u00e3o da Uni\u00e3o em fundo de apoio \u00e0 estrutura\u00e7\u00e3o e ao desenvolvimento de projetos de concess\u00f5es e parcerias p\u00fablico-privadas e da transfer\u00eancia de recursos para o Programa de Acelera\u00e7\u00e3o do Crescimento (PAC).<\/span><span style=\"font-weight: 400;\"><br \/>\n<\/span><span style=\"font-weight: 400;\">Outra medida que pode ser votada nesta semana \u00e9 a que institui o Programa de Desligamento Volunt\u00e1rio (PDV), a jornada de trabalho reduzida com remunera\u00e7\u00e3o proporcional e a licen\u00e7a sem remunera\u00e7\u00e3o com pagamento de incentivo para servidores do Poder Executivo federal.<\/span><\/p>\n","protected":false},"excerpt":{"rendered":"<p>O festival de Medidas Provis\u00f3rias do Governo Temer fecha a pauta do Congresso Nacional. Depois de uma semana de recesso sem quorum para sess\u00f5es, a C\u00e2mara dos Deputados volta aos trabalhos com a an\u00e1lise de 10 medidas provis\u00f3rias trancando a pauta de vota\u00e7\u00e3o. O Congresso Nacional deve votar oito delas at\u00e9 o fim de novembro. Entre as medidas encaminhadas pelo governo que trancam a pauta legislativa est\u00e1 a que trata da participa\u00e7\u00e3o da Uni\u00e3o em fundo de apoio \u00e0&hellip;<\/p>\n","protected":false},"author":1,"featured_media":0,"comment_status":"open","ping_status":"open","sticky":false,"template":"","format":"standard","meta":{"footnotes":""},"categories":[1],"tags":[],"class_list":["post-7347","post","type-post","status-publish","format-standard","hentry","category-noticias"],"_links":{"self":[{"href":"https:\/\/blogdorogeriogomes.com.br\/noticias\/wp-json\/wp\/v2\/posts\/7347","targetHints":{"allow":["GET"]}}],"collection":[{"href":"https:\/\/blogdorogeriogomes.com.br\/noticias\/wp-json\/wp\/v2\/posts"}],"about":[{"href":"https:\/\/blogdorogeriogomes.com.br\/noticias\/wp-json\/wp\/v2\/types\/post"}],"author":[{"embeddable":true,"href":"https:\/\/blogdorogeriogomes.com.br\/noticias\/wp-json\/wp\/v2\/users\/1"}],"replies":[{"embeddable":true,"href":"https:\/\/blogdorogeriogomes.com.br\/noticias\/wp-json\/wp\/v2\/comments?post=7347"}],"version-history":[{"count":1,"href":"https:\/\/blogdorogeriogomes.com.br\/noticias\/wp-json\/wp\/v2\/posts\/7347\/revisions"}],"predecessor-version":[{"id":7349,"href":"https:\/\/blogdorogeriogomes.com.br\/noticias\/wp-json\/wp\/v2\/posts\/7347\/revisions\/7349"}],"wp:attachment":[{"href":"https:\/\/blogdorogeriogomes.com.br\/noticias\/wp-json\/wp\/v2\/media?parent=7347"}],"wp:term":[{"taxonomy":"category","embeddable":true,"href":"https:\/\/blogdorogeriogomes.com.br\/noticias\/wp-json\/wp\/v2\/categories?post=7347"},{"taxonomy":"post_tag","embeddable":true,"href":"https:\/\/blogdorogeriogomes.com.br\/noticias\/wp-json\/wp\/v2\/tags?post=7347"}],"curies":[{"name":"wp","href":"https:\/\/api.w.org\/{rel}","templated":true}]}}