{"id":7350,"date":"2017-11-20T09:39:33","date_gmt":"2017-11-20T09:39:33","guid":{"rendered":"http:\/\/blogdorogeriogomes.com.br\/?p=7350"},"modified":"2017-11-20T09:39:33","modified_gmt":"2017-11-20T09:39:33","slug":"programa-farmacia-popular-esta-sob-ameaca-por-reducao-de-gastos","status":"publish","type":"post","link":"https:\/\/blogdorogeriogomes.com.br\/noticias\/2017\/11\/programa-farmacia-popular-esta-sob-ameaca-por-reducao-de-gastos\/","title":{"rendered":"Programa Farm\u00e1cia Popular est\u00e1 sob amea\u00e7a por redu\u00e7\u00e3o de gastos"},"content":{"rendered":"<p><span style=\"font-weight: 400;\"><img loading=\"lazy\" decoding=\"async\" class=\"alignnone size-medium wp-image-7351\" src=\"http:\/\/blogdorogeriogomes.com.br\/wp-content\/uploads\/2017\/11\/images-21-300x150.jpeg\" alt=\"images\" width=\"300\" height=\"150\" srcset=\"https:\/\/blogdorogeriogomes.com.br\/noticias\/wp-content\/uploads\/2017\/11\/images-21-300x150.jpeg 300w, https:\/\/blogdorogeriogomes.com.br\/noticias\/wp-content\/uploads\/2017\/11\/images-21.jpeg 543w\" sizes=\"auto, (max-width: 300px) 100vw, 300px\" \/><\/span><span style=\"font-weight: 400;\">O Governo Federal segue cortando gastos e reduzindo os programas sociais. O Farm\u00e1cia Popular, que oferta medicamentos gratuitos ou com at\u00e9 90% de desconto, deve sofrer altera\u00e7\u00f5es pelo Minist\u00e9rio da Sa\u00fade.<\/span><\/p>\n<p><span style=\"font-weight: 400;\">Quando foi criado em 2004 no governo Lula, o programa custava R$ 2,7 bilh\u00f5es. Agora, o ministro da Sa\u00fade, Ricardo Barros quer cortar R$ 600 milh\u00f5es dos recursos.<\/span><\/p>\n<p><span style=\"font-weight: 400;\">Este ano, o Minist\u00e9rio da Sa\u00fade j\u00e1 fechou cerca de 400 farm\u00e1cias da rede pr\u00f3pria que mantinha no programa. A meta agora \u00e9 mudar o modelo de pagamento para farm\u00e1cias particulares credenciadas. S\u00e3o cerca de 30 mil estabelecimentos que ofertam os medicamentos no Aqui Tem Farm\u00e1cia Popular. Representantes do setor dizem que as novas propostas colocam o programa em xeque.<\/span><\/p>\n","protected":false},"excerpt":{"rendered":"<p>O Governo Federal segue cortando gastos e reduzindo os programas sociais. O Farm\u00e1cia Popular, que oferta medicamentos gratuitos ou com at\u00e9 90% de desconto, deve sofrer altera\u00e7\u00f5es pelo Minist\u00e9rio da Sa\u00fade. Quando foi criado em 2004 no governo Lula, o programa custava R$ 2,7 bilh\u00f5es. Agora, o ministro da Sa\u00fade, Ricardo Barros quer cortar R$ 600 milh\u00f5es dos recursos. Este ano, o Minist\u00e9rio da Sa\u00fade j\u00e1 fechou cerca de 400 farm\u00e1cias da rede pr\u00f3pria que mantinha no programa. A&hellip;<\/p>\n","protected":false},"author":1,"featured_media":0,"comment_status":"open","ping_status":"open","sticky":false,"template":"","format":"standard","meta":{"footnotes":""},"categories":[1],"tags":[],"class_list":["post-7350","post","type-post","status-publish","format-standard","hentry","category-noticias"],"_links":{"self":[{"href":"https:\/\/blogdorogeriogomes.com.br\/noticias\/wp-json\/wp\/v2\/posts\/7350","targetHints":{"allow":["GET"]}}],"collection":[{"href":"https:\/\/blogdorogeriogomes.com.br\/noticias\/wp-json\/wp\/v2\/posts"}],"about":[{"href":"https:\/\/blogdorogeriogomes.com.br\/noticias\/wp-json\/wp\/v2\/types\/post"}],"author":[{"embeddable":true,"href":"https:\/\/blogdorogeriogomes.com.br\/noticias\/wp-json\/wp\/v2\/users\/1"}],"replies":[{"embeddable":true,"href":"https:\/\/blogdorogeriogomes.com.br\/noticias\/wp-json\/wp\/v2\/comments?post=7350"}],"version-history":[{"count":1,"href":"https:\/\/blogdorogeriogomes.com.br\/noticias\/wp-json\/wp\/v2\/posts\/7350\/revisions"}],"predecessor-version":[{"id":7352,"href":"https:\/\/blogdorogeriogomes.com.br\/noticias\/wp-json\/wp\/v2\/posts\/7350\/revisions\/7352"}],"wp:attachment":[{"href":"https:\/\/blogdorogeriogomes.com.br\/noticias\/wp-json\/wp\/v2\/media?parent=7350"}],"wp:term":[{"taxonomy":"category","embeddable":true,"href":"https:\/\/blogdorogeriogomes.com.br\/noticias\/wp-json\/wp\/v2\/categories?post=7350"},{"taxonomy":"post_tag","embeddable":true,"href":"https:\/\/blogdorogeriogomes.com.br\/noticias\/wp-json\/wp\/v2\/tags?post=7350"}],"curies":[{"name":"wp","href":"https:\/\/api.w.org\/{rel}","templated":true}]}}