{"id":7356,"date":"2017-11-20T23:39:28","date_gmt":"2017-11-20T23:39:28","guid":{"rendered":"http:\/\/blogdorogeriogomes.com.br\/?p=7356"},"modified":"2017-11-20T23:39:28","modified_gmt":"2017-11-20T23:39:28","slug":"novo-diretor-da-pf-toma-posse-defende-temer-e-questiona-trabalho-de-janot","status":"publish","type":"post","link":"https:\/\/blogdorogeriogomes.com.br\/noticias\/2017\/11\/novo-diretor-da-pf-toma-posse-defende-temer-e-questiona-trabalho-de-janot\/","title":{"rendered":"Novo diretor da PF toma posse, defende Temer e questiona trabalho de Janot"},"content":{"rendered":"<p><img loading=\"lazy\" decoding=\"async\" class=\"alignnone size-medium wp-image-7358\" src=\"http:\/\/blogdorogeriogomes.com.br\/wp-content\/uploads\/2017\/11\/images-2-2-300x222.jpeg\" alt=\"images (2)\" width=\"300\" height=\"222\" srcset=\"https:\/\/blogdorogeriogomes.com.br\/noticias\/wp-content\/uploads\/2017\/11\/images-2-2-300x222.jpeg 300w, https:\/\/blogdorogeriogomes.com.br\/noticias\/wp-content\/uploads\/2017\/11\/images-2-2.jpeg 445w\" sizes=\"auto, (max-width: 300px) 100vw, 300px\" \/><\/p>\n<p><span style=\"font-weight: 400;\">O novo diretor-geral da Pol\u00edcia Federal, Fernando Seg\u00f3via, tomou posse no cargo criticando a investiga\u00e7\u00e3o do Minist\u00e9rio P\u00fablico Federal sobre a mala com R$ 500 mil entregue pela JBS a um ex-assessor do presidente Michel Temer. Chegou at\u00e9 a dizer que a mala de dinheiro n\u00e3o representa crime.<\/span><\/p>\n<p><span style=\"font-weight: 400;\">O procurador da Rep\u00fablica Carlos Fernando dos Santos Lima, que integra a for\u00e7a-tarefa da Lava Jato em Curitiba, resumiu numa frase o sentimento do que se viu na postura de Fernando Seg\u00f3via defendendo Temer ap\u00f3s o mesmo lhe dar posse. \u201cCome\u00e7ou bem!\u201d, disse o procurador.<\/span><\/p>\n<p><span style=\"font-weight: 400;\">Rodrigo Janot, ex-procurador geral da Rep\u00fablica foi mais incisivo. Ele avalia que Fernando Seg\u00f3via mostra desconhecimento da legisla\u00e7\u00e3o e do trabalho feito pela pr\u00f3pria Pol\u00edcia Federal nesse caso. &#8220;A pergunta que n\u00e3o quer calar \u00e9: ele se inteirou disso ou ele est\u00e1 falando por ordem de algu\u00e9m?&#8221;, questionou Janot.<\/span><\/p>\n","protected":false},"excerpt":{"rendered":"<p>O novo diretor-geral da Pol\u00edcia Federal, Fernando Seg\u00f3via, tomou posse no cargo criticando a investiga\u00e7\u00e3o do Minist\u00e9rio P\u00fablico Federal sobre a mala com R$ 500 mil entregue pela JBS a um ex-assessor do presidente Michel Temer. Chegou at\u00e9 a dizer que a mala de dinheiro n\u00e3o representa crime. O procurador da Rep\u00fablica Carlos Fernando dos Santos Lima, que integra a for\u00e7a-tarefa da Lava Jato em Curitiba, resumiu numa frase o sentimento do que se viu na postura de Fernando&hellip;<\/p>\n","protected":false},"author":1,"featured_media":0,"comment_status":"open","ping_status":"open","sticky":false,"template":"","format":"standard","meta":{"footnotes":""},"categories":[1],"tags":[],"class_list":["post-7356","post","type-post","status-publish","format-standard","hentry","category-noticias"],"_links":{"self":[{"href":"https:\/\/blogdorogeriogomes.com.br\/noticias\/wp-json\/wp\/v2\/posts\/7356","targetHints":{"allow":["GET"]}}],"collection":[{"href":"https:\/\/blogdorogeriogomes.com.br\/noticias\/wp-json\/wp\/v2\/posts"}],"about":[{"href":"https:\/\/blogdorogeriogomes.com.br\/noticias\/wp-json\/wp\/v2\/types\/post"}],"author":[{"embeddable":true,"href":"https:\/\/blogdorogeriogomes.com.br\/noticias\/wp-json\/wp\/v2\/users\/1"}],"replies":[{"embeddable":true,"href":"https:\/\/blogdorogeriogomes.com.br\/noticias\/wp-json\/wp\/v2\/comments?post=7356"}],"version-history":[{"count":1,"href":"https:\/\/blogdorogeriogomes.com.br\/noticias\/wp-json\/wp\/v2\/posts\/7356\/revisions"}],"predecessor-version":[{"id":7359,"href":"https:\/\/blogdorogeriogomes.com.br\/noticias\/wp-json\/wp\/v2\/posts\/7356\/revisions\/7359"}],"wp:attachment":[{"href":"https:\/\/blogdorogeriogomes.com.br\/noticias\/wp-json\/wp\/v2\/media?parent=7356"}],"wp:term":[{"taxonomy":"category","embeddable":true,"href":"https:\/\/blogdorogeriogomes.com.br\/noticias\/wp-json\/wp\/v2\/categories?post=7356"},{"taxonomy":"post_tag","embeddable":true,"href":"https:\/\/blogdorogeriogomes.com.br\/noticias\/wp-json\/wp\/v2\/tags?post=7356"}],"curies":[{"name":"wp","href":"https:\/\/api.w.org\/{rel}","templated":true}]}}