{"id":7363,"date":"2017-11-21T10:59:09","date_gmt":"2017-11-21T10:59:09","guid":{"rendered":"http:\/\/blogdorogeriogomes.com.br\/?p=7363"},"modified":"2017-11-21T10:59:09","modified_gmt":"2017-11-21T10:59:09","slug":"camilo-santana-apresenta-modelo-de-gestao-nos-eua","status":"publish","type":"post","link":"https:\/\/blogdorogeriogomes.com.br\/noticias\/2017\/11\/camilo-santana-apresenta-modelo-de-gestao-nos-eua\/","title":{"rendered":"Camilo Santana apresenta modelo de gest\u00e3o nos EUA"},"content":{"rendered":"<p><img loading=\"lazy\" decoding=\"async\" class=\"alignnone size-medium wp-image-7364\" src=\"http:\/\/blogdorogeriogomes.com.br\/wp-content\/uploads\/2017\/11\/IMG_20171121_080029_867-300x254.jpg\" alt=\"IMG_20171121_080029_867\" width=\"300\" height=\"254\" srcset=\"https:\/\/blogdorogeriogomes.com.br\/noticias\/wp-content\/uploads\/2017\/11\/IMG_20171121_080029_867-300x254.jpg 300w, https:\/\/blogdorogeriogomes.com.br\/noticias\/wp-content\/uploads\/2017\/11\/IMG_20171121_080029_867.jpg 620w\" sizes=\"auto, (max-width: 300px) 100vw, 300px\" \/><\/p>\n<p><span style=\"font-weight: 400;\">O governador do Cear\u00e1, Camilo Santana, o governador de Pernambuco, Paulo C\u00e2mara, e o governador do Esp\u00edrito Santo, Paulo Hartung, est\u00e3o nos Estados Unidos participando do evento &#8220;Encontro de altas autoridades: Uma nova gest\u00e3o p\u00fablica para um novo Brasil&#8221;, em New Haven. O evento tamb\u00e9m conta com a participa\u00e7\u00e3o tamb\u00e9m do ex-governador cearense Cid Gomes e do ex-prefeito de S\u00e3o Paulo, Fernando Haddad.<\/span><\/p>\n<p><span style=\"font-weight: 400;\">Promovido pela Funda\u00e7\u00e3o Lemann, em parceria com a Universidade de Yale, Camilo Santana apresentou aos participantes do encontro o modelo de gest\u00e3o do Cear\u00e1.<\/span><\/p>\n","protected":false},"excerpt":{"rendered":"<p>O governador do Cear\u00e1, Camilo Santana, o governador de Pernambuco, Paulo C\u00e2mara, e o governador do Esp\u00edrito Santo, Paulo Hartung, est\u00e3o nos Estados Unidos participando do evento &#8220;Encontro de altas autoridades: Uma nova gest\u00e3o p\u00fablica para um novo Brasil&#8221;, em New Haven. O evento tamb\u00e9m conta com a participa\u00e7\u00e3o tamb\u00e9m do ex-governador cearense Cid Gomes e do ex-prefeito de S\u00e3o Paulo, Fernando Haddad. Promovido pela Funda\u00e7\u00e3o Lemann, em parceria com a Universidade de Yale, Camilo Santana apresentou aos participantes&hellip;<\/p>\n","protected":false},"author":1,"featured_media":0,"comment_status":"open","ping_status":"open","sticky":false,"template":"","format":"standard","meta":{"footnotes":""},"categories":[1],"tags":[],"class_list":["post-7363","post","type-post","status-publish","format-standard","hentry","category-noticias"],"_links":{"self":[{"href":"https:\/\/blogdorogeriogomes.com.br\/noticias\/wp-json\/wp\/v2\/posts\/7363","targetHints":{"allow":["GET"]}}],"collection":[{"href":"https:\/\/blogdorogeriogomes.com.br\/noticias\/wp-json\/wp\/v2\/posts"}],"about":[{"href":"https:\/\/blogdorogeriogomes.com.br\/noticias\/wp-json\/wp\/v2\/types\/post"}],"author":[{"embeddable":true,"href":"https:\/\/blogdorogeriogomes.com.br\/noticias\/wp-json\/wp\/v2\/users\/1"}],"replies":[{"embeddable":true,"href":"https:\/\/blogdorogeriogomes.com.br\/noticias\/wp-json\/wp\/v2\/comments?post=7363"}],"version-history":[{"count":1,"href":"https:\/\/blogdorogeriogomes.com.br\/noticias\/wp-json\/wp\/v2\/posts\/7363\/revisions"}],"predecessor-version":[{"id":7365,"href":"https:\/\/blogdorogeriogomes.com.br\/noticias\/wp-json\/wp\/v2\/posts\/7363\/revisions\/7365"}],"wp:attachment":[{"href":"https:\/\/blogdorogeriogomes.com.br\/noticias\/wp-json\/wp\/v2\/media?parent=7363"}],"wp:term":[{"taxonomy":"category","embeddable":true,"href":"https:\/\/blogdorogeriogomes.com.br\/noticias\/wp-json\/wp\/v2\/categories?post=7363"},{"taxonomy":"post_tag","embeddable":true,"href":"https:\/\/blogdorogeriogomes.com.br\/noticias\/wp-json\/wp\/v2\/tags?post=7363"}],"curies":[{"name":"wp","href":"https:\/\/api.w.org\/{rel}","templated":true}]}}