{"id":7369,"date":"2017-11-22T01:20:31","date_gmt":"2017-11-22T01:20:31","guid":{"rendered":"http:\/\/blogdorogeriogomes.com.br\/?p=7369"},"modified":"2017-11-22T01:20:31","modified_gmt":"2017-11-22T01:20:31","slug":"executivo-geraldo-luciano-recebe-premio-equilibrista-2017","status":"publish","type":"post","link":"https:\/\/blogdorogeriogomes.com.br\/noticias\/2017\/11\/executivo-geraldo-luciano-recebe-premio-equilibrista-2017\/","title":{"rendered":"Executivo Geraldo Luciano recebe Pr\u00eamio Equilibrista 2017"},"content":{"rendered":"<p><img loading=\"lazy\" decoding=\"async\" class=\"alignnone size-medium wp-image-7370\" src=\"http:\/\/blogdorogeriogomes.com.br\/wp-content\/uploads\/2017\/11\/IMG-20171121-WA0141-300x262.jpg\" alt=\"IMG-20171121-WA0141\" width=\"300\" height=\"262\" srcset=\"https:\/\/blogdorogeriogomes.com.br\/noticias\/wp-content\/uploads\/2017\/11\/IMG-20171121-WA0141-300x262.jpg 300w, https:\/\/blogdorogeriogomes.com.br\/noticias\/wp-content\/uploads\/2017\/11\/IMG-20171121-WA0141.jpg 733w\" sizes=\"auto, (max-width: 300px) 100vw, 300px\" \/><\/p>\n<p><span style=\"font-weight: 400;\">Apontado no meio empresarial como um potencial candidato ao Governo do Estado em 2018, o executivo Geraldo Luciano, do Grupo M. Dias Branco, foi homenageado com o Pr\u00eamio Equilibrista 2017, em solenidade no Grand Marquise. Na categoria Empresa Padr\u00e3o, Pedro Lima, do Grupo 3 Cora\u00e7\u00f5es, foi o escolhido.<\/span><\/p>\n<p><span style=\"font-weight: 400;\">O Pr\u00eamio Equilibrista, idealizado pelo Instituto Brasileiro de Executivos de Finan\u00e7as, o IBEF, foi criado em 1984 e homenageia executivos de sucesso. <\/span><\/p>\n<p><span style=\"font-weight: 400;\">Este \u00e9 a s\u00e9tima edi\u00e7\u00e3o que o Pr\u00eamio Equilibrista \u00e9 entregue no Cear\u00e1. A escolha do executivo do ano \u00e9 feita atrav\u00e9s de uma vota\u00e7\u00e3o com executivos associados ao IBEF.<\/span><\/p>\n","protected":false},"excerpt":{"rendered":"<p>Apontado no meio empresarial como um potencial candidato ao Governo do Estado em 2018, o executivo Geraldo Luciano, do Grupo M. Dias Branco, foi homenageado com o Pr\u00eamio Equilibrista 2017, em solenidade no Grand Marquise. Na categoria Empresa Padr\u00e3o, Pedro Lima, do Grupo 3 Cora\u00e7\u00f5es, foi o escolhido. O Pr\u00eamio Equilibrista, idealizado pelo Instituto Brasileiro de Executivos de Finan\u00e7as, o IBEF, foi criado em 1984 e homenageia executivos de sucesso. Este \u00e9 a s\u00e9tima edi\u00e7\u00e3o que o Pr\u00eamio Equilibrista&hellip;<\/p>\n","protected":false},"author":1,"featured_media":0,"comment_status":"open","ping_status":"open","sticky":false,"template":"","format":"standard","meta":{"footnotes":""},"categories":[1],"tags":[],"class_list":["post-7369","post","type-post","status-publish","format-standard","hentry","category-noticias"],"_links":{"self":[{"href":"https:\/\/blogdorogeriogomes.com.br\/noticias\/wp-json\/wp\/v2\/posts\/7369","targetHints":{"allow":["GET"]}}],"collection":[{"href":"https:\/\/blogdorogeriogomes.com.br\/noticias\/wp-json\/wp\/v2\/posts"}],"about":[{"href":"https:\/\/blogdorogeriogomes.com.br\/noticias\/wp-json\/wp\/v2\/types\/post"}],"author":[{"embeddable":true,"href":"https:\/\/blogdorogeriogomes.com.br\/noticias\/wp-json\/wp\/v2\/users\/1"}],"replies":[{"embeddable":true,"href":"https:\/\/blogdorogeriogomes.com.br\/noticias\/wp-json\/wp\/v2\/comments?post=7369"}],"version-history":[{"count":1,"href":"https:\/\/blogdorogeriogomes.com.br\/noticias\/wp-json\/wp\/v2\/posts\/7369\/revisions"}],"predecessor-version":[{"id":7371,"href":"https:\/\/blogdorogeriogomes.com.br\/noticias\/wp-json\/wp\/v2\/posts\/7369\/revisions\/7371"}],"wp:attachment":[{"href":"https:\/\/blogdorogeriogomes.com.br\/noticias\/wp-json\/wp\/v2\/media?parent=7369"}],"wp:term":[{"taxonomy":"category","embeddable":true,"href":"https:\/\/blogdorogeriogomes.com.br\/noticias\/wp-json\/wp\/v2\/categories?post=7369"},{"taxonomy":"post_tag","embeddable":true,"href":"https:\/\/blogdorogeriogomes.com.br\/noticias\/wp-json\/wp\/v2\/tags?post=7369"}],"curies":[{"name":"wp","href":"https:\/\/api.w.org\/{rel}","templated":true}]}}