{"id":7376,"date":"2017-11-22T09:46:33","date_gmt":"2017-11-22T09:46:33","guid":{"rendered":"http:\/\/blogdorogeriogomes.com.br\/?p=7376"},"modified":"2017-11-22T09:46:33","modified_gmt":"2017-11-22T09:46:33","slug":"justica-tenta-retomar-o-comando-das-decisoes-no-rio-de-janeiro","status":"publish","type":"post","link":"https:\/\/blogdorogeriogomes.com.br\/noticias\/2017\/11\/justica-tenta-retomar-o-comando-das-decisoes-no-rio-de-janeiro\/","title":{"rendered":"Justi\u00e7a tenta retomar o comando das decis\u00f5es no Rio de Janeiro"},"content":{"rendered":"<div id=\"attachment_7377\" style=\"width: 310px\" class=\"wp-caption alignnone\"><img loading=\"lazy\" decoding=\"async\" aria-describedby=\"caption-attachment-7377\" class=\"size-medium wp-image-7377\" src=\"http:\/\/blogdorogeriogomes.com.br\/wp-content\/uploads\/2017\/11\/image-1-1-300x200.jpg\" alt=\"21 de Novembro de 2017 - RIO DE JANEIRO,RJ,21.11.2017:PRIS  - NACIONAL - 22NA0936  -  JOSE LUCENA\" width=\"300\" height=\"200\" srcset=\"https:\/\/blogdorogeriogomes.com.br\/noticias\/wp-content\/uploads\/2017\/11\/image-1-1-300x200.jpg 300w, https:\/\/blogdorogeriogomes.com.br\/noticias\/wp-content\/uploads\/2017\/11\/image-1-1-768x512.jpg 768w, https:\/\/blogdorogeriogomes.com.br\/noticias\/wp-content\/uploads\/2017\/11\/image-1-1.jpg 800w\" sizes=\"auto, (max-width: 300px) 100vw, 300px\" \/><p id=\"caption-attachment-7377\" class=\"wp-caption-text\"><span style=\"font-size: 0.8rem;\">Em mais um cap\u00edtulo da briga entre \u00a0o Judici\u00e1rio e o Legislativo no Rio de Janeiro, o Tribunal Regional Federal do RJ determinou o retorno \u00e0 pris\u00e3o do presidente da Assembleia Legislativa (Alerj), Jorge Picciani, e dos deputados Paulo Melo e Edson Albertassi, todos do PMDB. Os<\/span><span style=\"font-size: 0.8rem;\">\u00a0ju\u00edzes federais da 1\u00aa Se\u00e7\u00e3o Especializada do TRF, por unanimidade, consideraram ilegais os atos da Alerj na sess\u00e3o que revogou a pris\u00e3o dos parlamentares e devolveu os mandatos dos tr\u00eas. Cinco magistrados participaram da vota\u00e7\u00e3o que determinou a volta dos presos. A<\/span><span style=\"font-size: 0.8rem;\">\u00a0Procuradoria-Geral da Rep\u00fablica (PGR) entrou com a\u00e7\u00e3o no STF contra a decis\u00e3o da Alerj. Para a procuradora-geral Raquel Dodge, a medida mostra que o Rio de Janeiro \u00e9 &#8220;terra sem lei&#8221;.<\/span><\/p><\/div>\n","protected":false},"excerpt":{"rendered":"","protected":false},"author":1,"featured_media":0,"comment_status":"open","ping_status":"open","sticky":false,"template":"","format":"standard","meta":{"footnotes":""},"categories":[1],"tags":[],"class_list":["post-7376","post","type-post","status-publish","format-standard","hentry","category-noticias"],"_links":{"self":[{"href":"https:\/\/blogdorogeriogomes.com.br\/noticias\/wp-json\/wp\/v2\/posts\/7376","targetHints":{"allow":["GET"]}}],"collection":[{"href":"https:\/\/blogdorogeriogomes.com.br\/noticias\/wp-json\/wp\/v2\/posts"}],"about":[{"href":"https:\/\/blogdorogeriogomes.com.br\/noticias\/wp-json\/wp\/v2\/types\/post"}],"author":[{"embeddable":true,"href":"https:\/\/blogdorogeriogomes.com.br\/noticias\/wp-json\/wp\/v2\/users\/1"}],"replies":[{"embeddable":true,"href":"https:\/\/blogdorogeriogomes.com.br\/noticias\/wp-json\/wp\/v2\/comments?post=7376"}],"version-history":[{"count":1,"href":"https:\/\/blogdorogeriogomes.com.br\/noticias\/wp-json\/wp\/v2\/posts\/7376\/revisions"}],"predecessor-version":[{"id":7378,"href":"https:\/\/blogdorogeriogomes.com.br\/noticias\/wp-json\/wp\/v2\/posts\/7376\/revisions\/7378"}],"wp:attachment":[{"href":"https:\/\/blogdorogeriogomes.com.br\/noticias\/wp-json\/wp\/v2\/media?parent=7376"}],"wp:term":[{"taxonomy":"category","embeddable":true,"href":"https:\/\/blogdorogeriogomes.com.br\/noticias\/wp-json\/wp\/v2\/categories?post=7376"},{"taxonomy":"post_tag","embeddable":true,"href":"https:\/\/blogdorogeriogomes.com.br\/noticias\/wp-json\/wp\/v2\/tags?post=7376"}],"curies":[{"name":"wp","href":"https:\/\/api.w.org\/{rel}","templated":true}]}}