{"id":7380,"date":"2017-11-22T10:02:03","date_gmt":"2017-11-22T10:02:03","guid":{"rendered":"http:\/\/blogdorogeriogomes.com.br\/?p=7380"},"modified":"2017-11-22T10:02:03","modified_gmt":"2017-11-22T10:02:03","slug":"temer-da-ultima-cartada-pela-reforma-da-previdencia","status":"publish","type":"post","link":"https:\/\/blogdorogeriogomes.com.br\/noticias\/2017\/11\/temer-da-ultima-cartada-pela-reforma-da-previdencia\/","title":{"rendered":"Temer d\u00e1 \u00faltima cartada pela Reforma da Previd\u00eancia"},"content":{"rendered":"<p><img loading=\"lazy\" decoding=\"async\" class=\"alignnone size-medium wp-image-7381\" src=\"http:\/\/blogdorogeriogomes.com.br\/wp-content\/uploads\/2017\/11\/2015-813197938-2015-811585695-2015042852875.jpg_20150428.jpg_20150503-300x151.jpg\" alt=\"2015-813197938-2015-811585695-2015042852875.jpg_20150428.jpg_20150503\" width=\"300\" height=\"151\" srcset=\"https:\/\/blogdorogeriogomes.com.br\/noticias\/wp-content\/uploads\/2017\/11\/2015-813197938-2015-811585695-2015042852875.jpg_20150428.jpg_20150503-300x151.jpg 300w, https:\/\/blogdorogeriogomes.com.br\/noticias\/wp-content\/uploads\/2017\/11\/2015-813197938-2015-811585695-2015042852875.jpg_20150428.jpg_20150503.jpg 434w\" sizes=\"auto, (max-width: 300px) 100vw, 300px\" \/><\/p>\n<p><span style=\"font-weight: 400;\">O presidente Michel Temer tenta receber em um jantar nesta quarta-feira, dia 22 de novembro, pelo menos 200 parlamentares da base no Pal\u00e1cio da Alvorada, em Bras\u00edlia, como apoio a Reforma da Previd\u00eancia. O plano, bastante reformulado pelo Governo, deve ser encaminhado ao Congresso ainda este ano.<\/span><\/p>\n<p><span style=\"font-weight: 400;\">Temer sabe que ainda n\u00e3o tem os votos dos 308 deputados, que \u00e9 placar m\u00ednimo exigido para a aprova\u00e7\u00e3o de mudan\u00e7as nas regras de aposentadoria.<\/span><\/p>\n<p><span style=\"font-weight: 400;\">No entanto, os pr\u00f3prios articuladores pol\u00edticos do Governo est\u00e3o pessimistas. Ap\u00f3s quase um ano de negocia\u00e7\u00f5es com o Congresso, os l\u00edderes de partidos da base precisam correr contra o tempo para levar o projeto a vota\u00e7\u00e3o no plen\u00e1rio da C\u00e2mara at\u00e9 6 de dezembro, que \u00e9 uma data estipulada pelo presidente da Casa, Rodrigo Maia.<\/span><\/p>\n","protected":false},"excerpt":{"rendered":"<p>O presidente Michel Temer tenta receber em um jantar nesta quarta-feira, dia 22 de novembro, pelo menos 200 parlamentares da base no Pal\u00e1cio da Alvorada, em Bras\u00edlia, como apoio a Reforma da Previd\u00eancia. O plano, bastante reformulado pelo Governo, deve ser encaminhado ao Congresso ainda este ano. Temer sabe que ainda n\u00e3o tem os votos dos 308 deputados, que \u00e9 placar m\u00ednimo exigido para a aprova\u00e7\u00e3o de mudan\u00e7as nas regras de aposentadoria. No entanto, os pr\u00f3prios articuladores pol\u00edticos do&hellip;<\/p>\n","protected":false},"author":1,"featured_media":0,"comment_status":"open","ping_status":"open","sticky":false,"template":"","format":"standard","meta":{"footnotes":""},"categories":[1],"tags":[],"class_list":["post-7380","post","type-post","status-publish","format-standard","hentry","category-noticias"],"_links":{"self":[{"href":"https:\/\/blogdorogeriogomes.com.br\/noticias\/wp-json\/wp\/v2\/posts\/7380","targetHints":{"allow":["GET"]}}],"collection":[{"href":"https:\/\/blogdorogeriogomes.com.br\/noticias\/wp-json\/wp\/v2\/posts"}],"about":[{"href":"https:\/\/blogdorogeriogomes.com.br\/noticias\/wp-json\/wp\/v2\/types\/post"}],"author":[{"embeddable":true,"href":"https:\/\/blogdorogeriogomes.com.br\/noticias\/wp-json\/wp\/v2\/users\/1"}],"replies":[{"embeddable":true,"href":"https:\/\/blogdorogeriogomes.com.br\/noticias\/wp-json\/wp\/v2\/comments?post=7380"}],"version-history":[{"count":1,"href":"https:\/\/blogdorogeriogomes.com.br\/noticias\/wp-json\/wp\/v2\/posts\/7380\/revisions"}],"predecessor-version":[{"id":7382,"href":"https:\/\/blogdorogeriogomes.com.br\/noticias\/wp-json\/wp\/v2\/posts\/7380\/revisions\/7382"}],"wp:attachment":[{"href":"https:\/\/blogdorogeriogomes.com.br\/noticias\/wp-json\/wp\/v2\/media?parent=7380"}],"wp:term":[{"taxonomy":"category","embeddable":true,"href":"https:\/\/blogdorogeriogomes.com.br\/noticias\/wp-json\/wp\/v2\/categories?post=7380"},{"taxonomy":"post_tag","embeddable":true,"href":"https:\/\/blogdorogeriogomes.com.br\/noticias\/wp-json\/wp\/v2\/tags?post=7380"}],"curies":[{"name":"wp","href":"https:\/\/api.w.org\/{rel}","templated":true}]}}