{"id":7391,"date":"2017-11-23T09:05:23","date_gmt":"2017-11-23T09:05:23","guid":{"rendered":"http:\/\/blogdorogeriogomes.com.br\/?p=7391"},"modified":"2017-11-23T09:05:23","modified_gmt":"2017-11-23T09:05:23","slug":"stf-vive-pressao-para-votar-fim-do-foro-privilegiado","status":"publish","type":"post","link":"https:\/\/blogdorogeriogomes.com.br\/noticias\/2017\/11\/stf-vive-pressao-para-votar-fim-do-foro-privilegiado\/","title":{"rendered":"STF vive press\u00e3o para votar fim do foro privilegiado"},"content":{"rendered":"<p><img loading=\"lazy\" decoding=\"async\" class=\"alignnone size-medium wp-image-7392\" src=\"http:\/\/blogdorogeriogomes.com.br\/wp-content\/uploads\/2017\/11\/images-5-1-300x200.jpeg\" alt=\"images (5)\" width=\"300\" height=\"200\" srcset=\"https:\/\/blogdorogeriogomes.com.br\/noticias\/wp-content\/uploads\/2017\/11\/images-5-1-300x200.jpeg 300w, https:\/\/blogdorogeriogomes.com.br\/noticias\/wp-content\/uploads\/2017\/11\/images-5-1.jpeg 470w\" sizes=\"auto, (max-width: 300px) 100vw, 300px\" \/><\/p>\n<p><span style=\"font-weight: 400;\">A sociedade pressiona o Supremo Tribunal Federal (STF) para concluir o julgamento que pode levar \u00e0 redu\u00e7\u00e3o do n\u00famero de processos criminais que tramitam na Corte contra autoridades que t\u00eam foro privilegiado.<\/span><\/p>\n<p><span style=\"font-weight: 400;\">A expectativa \u00e9 que a vota\u00e7\u00e3o aconte\u00e7a nesta quinta-feira, dia 23 de novembro, mas \u00a0a discuss\u00e3o do foro privilegiado, iniciada em junho de 2016, poder\u00e1 ser novamente interrompida. Desta vez, por um pedido de vista do ministro Dias Toffoli.<\/span><span style=\"font-weight: 400;\"><br \/>\n<\/span><span style=\"font-weight: 400;\">O STF dever\u00e1 formar maioria para restringir a extens\u00e3o do foro privilegiado. A tend\u00eancia \u00e9 a de que prevale\u00e7a o entendimento defendido pelo ministro Lu\u00eds Roberto Barroso, de que os pol\u00edticos s\u00f3 ter\u00e3o direito ao foro privilegiado se o crime do qual forem acusados tiver sido cometido no exerc\u00edcio do mandato e for relacionado ao cargo que ocupam.<\/span><\/p>\n","protected":false},"excerpt":{"rendered":"<p>A sociedade pressiona o Supremo Tribunal Federal (STF) para concluir o julgamento que pode levar \u00e0 redu\u00e7\u00e3o do n\u00famero de processos criminais que tramitam na Corte contra autoridades que t\u00eam foro privilegiado. A expectativa \u00e9 que a vota\u00e7\u00e3o aconte\u00e7a nesta quinta-feira, dia 23 de novembro, mas \u00a0a discuss\u00e3o do foro privilegiado, iniciada em junho de 2016, poder\u00e1 ser novamente interrompida. Desta vez, por um pedido de vista do ministro Dias Toffoli. O STF dever\u00e1 formar maioria para restringir a&hellip;<\/p>\n","protected":false},"author":1,"featured_media":0,"comment_status":"open","ping_status":"open","sticky":false,"template":"","format":"standard","meta":{"footnotes":""},"categories":[1],"tags":[],"class_list":["post-7391","post","type-post","status-publish","format-standard","hentry","category-noticias"],"_links":{"self":[{"href":"https:\/\/blogdorogeriogomes.com.br\/noticias\/wp-json\/wp\/v2\/posts\/7391","targetHints":{"allow":["GET"]}}],"collection":[{"href":"https:\/\/blogdorogeriogomes.com.br\/noticias\/wp-json\/wp\/v2\/posts"}],"about":[{"href":"https:\/\/blogdorogeriogomes.com.br\/noticias\/wp-json\/wp\/v2\/types\/post"}],"author":[{"embeddable":true,"href":"https:\/\/blogdorogeriogomes.com.br\/noticias\/wp-json\/wp\/v2\/users\/1"}],"replies":[{"embeddable":true,"href":"https:\/\/blogdorogeriogomes.com.br\/noticias\/wp-json\/wp\/v2\/comments?post=7391"}],"version-history":[{"count":1,"href":"https:\/\/blogdorogeriogomes.com.br\/noticias\/wp-json\/wp\/v2\/posts\/7391\/revisions"}],"predecessor-version":[{"id":7393,"href":"https:\/\/blogdorogeriogomes.com.br\/noticias\/wp-json\/wp\/v2\/posts\/7391\/revisions\/7393"}],"wp:attachment":[{"href":"https:\/\/blogdorogeriogomes.com.br\/noticias\/wp-json\/wp\/v2\/media?parent=7391"}],"wp:term":[{"taxonomy":"category","embeddable":true,"href":"https:\/\/blogdorogeriogomes.com.br\/noticias\/wp-json\/wp\/v2\/categories?post=7391"},{"taxonomy":"post_tag","embeddable":true,"href":"https:\/\/blogdorogeriogomes.com.br\/noticias\/wp-json\/wp\/v2\/tags?post=7391"}],"curies":[{"name":"wp","href":"https:\/\/api.w.org\/{rel}","templated":true}]}}