{"id":7403,"date":"2017-11-24T09:20:30","date_gmt":"2017-11-24T09:20:30","guid":{"rendered":"http:\/\/blogdorogeriogomes.com.br\/?p=7403"},"modified":"2017-11-24T09:20:30","modified_gmt":"2017-11-24T09:20:30","slug":"funceme-mostra-otimismo-com-chuvas-nos-proximos-meses","status":"publish","type":"post","link":"https:\/\/blogdorogeriogomes.com.br\/noticias\/2017\/11\/funceme-mostra-otimismo-com-chuvas-nos-proximos-meses\/","title":{"rendered":"Funceme mostra otimismo com chuvas nos pr\u00f3ximos meses"},"content":{"rendered":"<p><img loading=\"lazy\" decoding=\"async\" class=\"alignnone size-medium wp-image-7404\" src=\"http:\/\/blogdorogeriogomes.com.br\/wp-content\/uploads\/2017\/11\/images-9-1-300x169.jpeg\" alt=\"images (9)\" width=\"300\" height=\"169\" srcset=\"https:\/\/blogdorogeriogomes.com.br\/noticias\/wp-content\/uploads\/2017\/11\/images-9-1-300x169.jpeg 300w, https:\/\/blogdorogeriogomes.com.br\/noticias\/wp-content\/uploads\/2017\/11\/images-9-1.jpeg 512w\" sizes=\"auto, (max-width: 300px) 100vw, 300px\" \/><\/p>\n<p><span style=\"font-weight: 400;\">A Funceme come\u00e7a a mostrar otimismo com o fen\u00f4meno La Ni\u00f1a, que pode favorecer a ocorr\u00eancia de boas chuvas nos pr\u00f3ximos meses no Cear\u00e1. O Instituto Nacional de Meteorologia prev\u00ea que at\u00e9 fevereiro teremos chuvas acima da m\u00e9dia no Nordeste. De acordo com o t\u00e9cnico da Secretaria de Desenvolvimento Rural, Luiz Regadas, a Funceme relatou o quadro otimista de precipita\u00e7\u00f5es no Estado durante a \u00faltima reuni\u00e3o do Comit\u00ea de Conviv\u00eancia com a Seca, na segunda-feira, dia 20 de novembro.<\/span><\/p>\n<p><span style=\"font-weight: 400;\">O meteorologista Raul Fritz, da Funceme, ressaltou que n\u00e3o \u00e9 necess\u00e1rio apenas a confirma\u00e7\u00e3o da La Ni\u00f1a para uma boa quadra chuvosa no Cear\u00e1. \u00c9 preciso tamb\u00e9m observar as temperaturas do Oceano Atl\u00e2ntico. <\/span><\/p>\n<p><span style=\"font-weight: 400;\">O fato \u00e9 que o cearense torce para que as perspectivas se confirmem a fim de que os reservat\u00f3rios do Estado recebam uma recarga consider\u00e1vel de \u00e1gua. O a\u00e7ude Castanh\u00e3o, por exemplo, que abastece Fortaleza, j\u00e1 entrou no chamado volume morto.<\/span><\/p>\n","protected":false},"excerpt":{"rendered":"<p>A Funceme come\u00e7a a mostrar otimismo com o fen\u00f4meno La Ni\u00f1a, que pode favorecer a ocorr\u00eancia de boas chuvas nos pr\u00f3ximos meses no Cear\u00e1. O Instituto Nacional de Meteorologia prev\u00ea que at\u00e9 fevereiro teremos chuvas acima da m\u00e9dia no Nordeste. De acordo com o t\u00e9cnico da Secretaria de Desenvolvimento Rural, Luiz Regadas, a Funceme relatou o quadro otimista de precipita\u00e7\u00f5es no Estado durante a \u00faltima reuni\u00e3o do Comit\u00ea de Conviv\u00eancia com a Seca, na segunda-feira, dia 20 de novembro.&hellip;<\/p>\n","protected":false},"author":1,"featured_media":0,"comment_status":"open","ping_status":"open","sticky":false,"template":"","format":"standard","meta":{"footnotes":""},"categories":[1],"tags":[],"class_list":["post-7403","post","type-post","status-publish","format-standard","hentry","category-noticias"],"_links":{"self":[{"href":"https:\/\/blogdorogeriogomes.com.br\/noticias\/wp-json\/wp\/v2\/posts\/7403","targetHints":{"allow":["GET"]}}],"collection":[{"href":"https:\/\/blogdorogeriogomes.com.br\/noticias\/wp-json\/wp\/v2\/posts"}],"about":[{"href":"https:\/\/blogdorogeriogomes.com.br\/noticias\/wp-json\/wp\/v2\/types\/post"}],"author":[{"embeddable":true,"href":"https:\/\/blogdorogeriogomes.com.br\/noticias\/wp-json\/wp\/v2\/users\/1"}],"replies":[{"embeddable":true,"href":"https:\/\/blogdorogeriogomes.com.br\/noticias\/wp-json\/wp\/v2\/comments?post=7403"}],"version-history":[{"count":1,"href":"https:\/\/blogdorogeriogomes.com.br\/noticias\/wp-json\/wp\/v2\/posts\/7403\/revisions"}],"predecessor-version":[{"id":7405,"href":"https:\/\/blogdorogeriogomes.com.br\/noticias\/wp-json\/wp\/v2\/posts\/7403\/revisions\/7405"}],"wp:attachment":[{"href":"https:\/\/blogdorogeriogomes.com.br\/noticias\/wp-json\/wp\/v2\/media?parent=7403"}],"wp:term":[{"taxonomy":"category","embeddable":true,"href":"https:\/\/blogdorogeriogomes.com.br\/noticias\/wp-json\/wp\/v2\/categories?post=7403"},{"taxonomy":"post_tag","embeddable":true,"href":"https:\/\/blogdorogeriogomes.com.br\/noticias\/wp-json\/wp\/v2\/tags?post=7403"}],"curies":[{"name":"wp","href":"https:\/\/api.w.org\/{rel}","templated":true}]}}