{"id":7406,"date":"2017-11-24T20:07:58","date_gmt":"2017-11-24T20:07:58","guid":{"rendered":"http:\/\/blogdorogeriogomes.com.br\/?p=7406"},"modified":"2017-11-24T20:07:58","modified_gmt":"2017-11-24T20:07:58","slug":"segunda-parcela-do-13-comecou-a-ser-paga-pelo-inss","status":"publish","type":"post","link":"https:\/\/blogdorogeriogomes.com.br\/noticias\/2017\/11\/segunda-parcela-do-13-comecou-a-ser-paga-pelo-inss\/","title":{"rendered":"Segunda parcela do 13\u00b0 come\u00e7ou a ser paga pelo INSS"},"content":{"rendered":"<p><img loading=\"lazy\" decoding=\"async\" class=\"alignnone size-medium wp-image-7407\" src=\"http:\/\/blogdorogeriogomes.com.br\/wp-content\/uploads\/2017\/11\/images-10-1-300x200.jpeg\" alt=\"images (10)\" width=\"300\" height=\"200\" srcset=\"https:\/\/blogdorogeriogomes.com.br\/noticias\/wp-content\/uploads\/2017\/11\/images-10-1-300x200.jpeg 300w, https:\/\/blogdorogeriogomes.com.br\/noticias\/wp-content\/uploads\/2017\/11\/images-10-1.jpeg 470w\" sizes=\"auto, (max-width: 300px) 100vw, 300px\" \/><\/p>\n<p><span style=\"font-weight: 400;\">Dinheiro extra em boa hora. Aposentados e pensionistas do INSS come\u00e7am a receber nesta sexta-feira, dia 24 de novembro, a segunda parcela do 13\u00b0 sal\u00e1rio. Os primeiros a receber s\u00e3o os que ganham at\u00e9 um sal\u00e1rio m\u00ednimo. A primeira parcela foi depositada entre os meses de agosto e setembro.<\/span><span style=\"font-weight: 400;\"><br \/>\n<\/span><span style=\"font-weight: 400;\">O dep\u00f3sito da gratifica\u00e7\u00e3o ser\u00e1 feito junto com a folha de pagamento mensal do INSS, que come\u00e7a a ser depositada tamb\u00e9m nesta sexta-feira e segue at\u00e9 o dia 7 de dezembro.<\/span><span style=\"font-weight: 400;\"><br \/>\n<\/span><span style=\"font-weight: 400;\">Mais de 29,7 milh\u00f5es de benefici\u00e1rios receber\u00e3o a segunda parte do abono anual, que representa uma entrada extra de recursos na economia de pelo menos R$ 20,4 bilh\u00f5es nos meses de novembro e dezembro.<\/span><\/p>\n","protected":false},"excerpt":{"rendered":"<p>Dinheiro extra em boa hora. Aposentados e pensionistas do INSS come\u00e7am a receber nesta sexta-feira, dia 24 de novembro, a segunda parcela do 13\u00b0 sal\u00e1rio. Os primeiros a receber s\u00e3o os que ganham at\u00e9 um sal\u00e1rio m\u00ednimo. A primeira parcela foi depositada entre os meses de agosto e setembro. O dep\u00f3sito da gratifica\u00e7\u00e3o ser\u00e1 feito junto com a folha de pagamento mensal do INSS, que come\u00e7a a ser depositada tamb\u00e9m nesta sexta-feira e segue at\u00e9 o dia 7 de&hellip;<\/p>\n","protected":false},"author":1,"featured_media":0,"comment_status":"open","ping_status":"open","sticky":false,"template":"","format":"standard","meta":{"footnotes":""},"categories":[1],"tags":[],"class_list":["post-7406","post","type-post","status-publish","format-standard","hentry","category-noticias"],"_links":{"self":[{"href":"https:\/\/blogdorogeriogomes.com.br\/noticias\/wp-json\/wp\/v2\/posts\/7406","targetHints":{"allow":["GET"]}}],"collection":[{"href":"https:\/\/blogdorogeriogomes.com.br\/noticias\/wp-json\/wp\/v2\/posts"}],"about":[{"href":"https:\/\/blogdorogeriogomes.com.br\/noticias\/wp-json\/wp\/v2\/types\/post"}],"author":[{"embeddable":true,"href":"https:\/\/blogdorogeriogomes.com.br\/noticias\/wp-json\/wp\/v2\/users\/1"}],"replies":[{"embeddable":true,"href":"https:\/\/blogdorogeriogomes.com.br\/noticias\/wp-json\/wp\/v2\/comments?post=7406"}],"version-history":[{"count":1,"href":"https:\/\/blogdorogeriogomes.com.br\/noticias\/wp-json\/wp\/v2\/posts\/7406\/revisions"}],"predecessor-version":[{"id":7408,"href":"https:\/\/blogdorogeriogomes.com.br\/noticias\/wp-json\/wp\/v2\/posts\/7406\/revisions\/7408"}],"wp:attachment":[{"href":"https:\/\/blogdorogeriogomes.com.br\/noticias\/wp-json\/wp\/v2\/media?parent=7406"}],"wp:term":[{"taxonomy":"category","embeddable":true,"href":"https:\/\/blogdorogeriogomes.com.br\/noticias\/wp-json\/wp\/v2\/categories?post=7406"},{"taxonomy":"post_tag","embeddable":true,"href":"https:\/\/blogdorogeriogomes.com.br\/noticias\/wp-json\/wp\/v2\/tags?post=7406"}],"curies":[{"name":"wp","href":"https:\/\/api.w.org\/{rel}","templated":true}]}}