{"id":7409,"date":"2017-11-24T21:32:45","date_gmt":"2017-11-24T21:32:45","guid":{"rendered":"http:\/\/blogdorogeriogomes.com.br\/?p=7409"},"modified":"2017-11-24T21:32:45","modified_gmt":"2017-11-24T21:32:45","slug":"centrais-sindicais-marcam-nova-greve-geral-para-5-de-dezembro","status":"publish","type":"post","link":"https:\/\/blogdorogeriogomes.com.br\/noticias\/2017\/11\/centrais-sindicais-marcam-nova-greve-geral-para-5-de-dezembro\/","title":{"rendered":"Centrais sindicais marcam nova greve geral para 5 de dezembro"},"content":{"rendered":"<p><img loading=\"lazy\" decoding=\"async\" class=\"alignnone size-medium wp-image-7410\" src=\"http:\/\/blogdorogeriogomes.com.br\/wp-content\/uploads\/2017\/11\/images-11-1-300x184.jpeg\" alt=\"images (11)\" width=\"300\" height=\"184\" srcset=\"https:\/\/blogdorogeriogomes.com.br\/noticias\/wp-content\/uploads\/2017\/11\/images-11-1-300x184.jpeg 300w, https:\/\/blogdorogeriogomes.com.br\/noticias\/wp-content\/uploads\/2017\/11\/images-11-1.jpeg 489w\" sizes=\"auto, (max-width: 300px) 100vw, 300px\" \/><\/p>\n<p><span style=\"font-weight: 400;\">A Reforma da Previd\u00eancia, articulada pelo Governo Temer, deve realmente entrar na pauta do Congresso em dezembro. Mas as centrais sindicais prometem movimentar as ruas contra a medida. Uma greve geral foi marcada para o dia 5 de dezembro. A data \u00e9 v\u00e9spera do dia em que Temer deseja que a Reforma v\u00e1 vota\u00e7\u00e3o no Legislativo. Os protestos devem se concentrar principalmente nas capitais.<\/span><\/p>\n<p><span style=\"font-weight: 400;\">O Planalto remodelou a proposta de Reforma da Previd\u00eancia. A mudan\u00e7a de regras para aposentadoria envolve a exig\u00eancia de idade m\u00ednima de 65 anos (homens) e 62 anos (mulheres), 15 anos de contribui\u00e7\u00e3o (setor privado) e 25 anos (setor p\u00fablico) e limita\u00e7\u00e3o de at\u00e9 dois sal\u00e1rios m\u00ednimos para ac\u00famulo de pens\u00f5es.<\/span><\/p>\n","protected":false},"excerpt":{"rendered":"<p>A Reforma da Previd\u00eancia, articulada pelo Governo Temer, deve realmente entrar na pauta do Congresso em dezembro. Mas as centrais sindicais prometem movimentar as ruas contra a medida. Uma greve geral foi marcada para o dia 5 de dezembro. A data \u00e9 v\u00e9spera do dia em que Temer deseja que a Reforma v\u00e1 vota\u00e7\u00e3o no Legislativo. Os protestos devem se concentrar principalmente nas capitais. O Planalto remodelou a proposta de Reforma da Previd\u00eancia. A mudan\u00e7a de regras para aposentadoria&hellip;<\/p>\n","protected":false},"author":1,"featured_media":0,"comment_status":"open","ping_status":"open","sticky":false,"template":"","format":"standard","meta":{"footnotes":""},"categories":[1],"tags":[],"class_list":["post-7409","post","type-post","status-publish","format-standard","hentry","category-noticias"],"_links":{"self":[{"href":"https:\/\/blogdorogeriogomes.com.br\/noticias\/wp-json\/wp\/v2\/posts\/7409","targetHints":{"allow":["GET"]}}],"collection":[{"href":"https:\/\/blogdorogeriogomes.com.br\/noticias\/wp-json\/wp\/v2\/posts"}],"about":[{"href":"https:\/\/blogdorogeriogomes.com.br\/noticias\/wp-json\/wp\/v2\/types\/post"}],"author":[{"embeddable":true,"href":"https:\/\/blogdorogeriogomes.com.br\/noticias\/wp-json\/wp\/v2\/users\/1"}],"replies":[{"embeddable":true,"href":"https:\/\/blogdorogeriogomes.com.br\/noticias\/wp-json\/wp\/v2\/comments?post=7409"}],"version-history":[{"count":1,"href":"https:\/\/blogdorogeriogomes.com.br\/noticias\/wp-json\/wp\/v2\/posts\/7409\/revisions"}],"predecessor-version":[{"id":7411,"href":"https:\/\/blogdorogeriogomes.com.br\/noticias\/wp-json\/wp\/v2\/posts\/7409\/revisions\/7411"}],"wp:attachment":[{"href":"https:\/\/blogdorogeriogomes.com.br\/noticias\/wp-json\/wp\/v2\/media?parent=7409"}],"wp:term":[{"taxonomy":"category","embeddable":true,"href":"https:\/\/blogdorogeriogomes.com.br\/noticias\/wp-json\/wp\/v2\/categories?post=7409"},{"taxonomy":"post_tag","embeddable":true,"href":"https:\/\/blogdorogeriogomes.com.br\/noticias\/wp-json\/wp\/v2\/tags?post=7409"}],"curies":[{"name":"wp","href":"https:\/\/api.w.org\/{rel}","templated":true}]}}