{"id":7412,"date":"2017-11-25T10:53:51","date_gmt":"2017-11-25T10:53:51","guid":{"rendered":"http:\/\/blogdorogeriogomes.com.br\/?p=7412"},"modified":"2017-11-25T10:53:51","modified_gmt":"2017-11-25T10:53:51","slug":"municipios-do-ceara-estao-sem-receber-o-garantia-safra-da-uniao","status":"publish","type":"post","link":"https:\/\/blogdorogeriogomes.com.br\/noticias\/2017\/11\/municipios-do-ceara-estao-sem-receber-o-garantia-safra-da-uniao\/","title":{"rendered":"Munic\u00edpios do Cear\u00e1 est\u00e3o sem receber o Garantia Safra da Uni\u00e3o"},"content":{"rendered":"<p><img loading=\"lazy\" decoding=\"async\" class=\"alignnone size-medium wp-image-7413\" src=\"http:\/\/blogdorogeriogomes.com.br\/wp-content\/uploads\/2017\/11\/images-12-1-300x200.jpeg\" alt=\"images (12)\" width=\"300\" height=\"200\" srcset=\"https:\/\/blogdorogeriogomes.com.br\/noticias\/wp-content\/uploads\/2017\/11\/images-12-1-300x200.jpeg 300w, https:\/\/blogdorogeriogomes.com.br\/noticias\/wp-content\/uploads\/2017\/11\/images-12-1.jpeg 470w\" sizes=\"auto, (max-width: 300px) 100vw, 300px\" \/><\/p>\n<p><span style=\"font-weight: 400;\">Se o quadro de seca j\u00e1 \u00e9 preocupante no interior cearense, outro fator agrava a situa\u00e7\u00e3o dos agricultores que perderam a safra depois da \u00faltima quadra chuvosa insuficiente. Cerca de 71 munic\u00edpios que solicitaram os repasses do programa Garantia Safra est\u00e3o sem receber os recursos do Governo Federal. O problema afeta mais de 117 mil agricultores e seus familiares que t\u00eam acesso ao recurso.<\/span><\/p>\n<p><span style=\"font-weight: 400;\">A Uni\u00e3o cancelou repasses que somam cerca de R$ 99 milh\u00f5es para a popula\u00e7\u00e3o. Ainda em setembro passado, a Secretaria Especial de Agricultura Familiar e do Desenvolvimento Agr\u00e1rio s\u00f3 liberou o pagamento da safra 2016\/2017 para 10 munic\u00edpio do Cear\u00e1. No caso, Iguatu, Iracema, Jaguaribe, Jardim, Jati, Juc\u00e1s, Limoeiro do Norte, Penaforte, Quixel\u00f4, e S\u00e3o Jo\u00e3o do Jaguaribe. <\/span><\/p>\n","protected":false},"excerpt":{"rendered":"<p>Se o quadro de seca j\u00e1 \u00e9 preocupante no interior cearense, outro fator agrava a situa\u00e7\u00e3o dos agricultores que perderam a safra depois da \u00faltima quadra chuvosa insuficiente. Cerca de 71 munic\u00edpios que solicitaram os repasses do programa Garantia Safra est\u00e3o sem receber os recursos do Governo Federal. O problema afeta mais de 117 mil agricultores e seus familiares que t\u00eam acesso ao recurso. A Uni\u00e3o cancelou repasses que somam cerca de R$ 99 milh\u00f5es para a popula\u00e7\u00e3o. Ainda&hellip;<\/p>\n","protected":false},"author":1,"featured_media":0,"comment_status":"open","ping_status":"open","sticky":false,"template":"","format":"standard","meta":{"footnotes":""},"categories":[1],"tags":[],"class_list":["post-7412","post","type-post","status-publish","format-standard","hentry","category-noticias"],"_links":{"self":[{"href":"https:\/\/blogdorogeriogomes.com.br\/noticias\/wp-json\/wp\/v2\/posts\/7412","targetHints":{"allow":["GET"]}}],"collection":[{"href":"https:\/\/blogdorogeriogomes.com.br\/noticias\/wp-json\/wp\/v2\/posts"}],"about":[{"href":"https:\/\/blogdorogeriogomes.com.br\/noticias\/wp-json\/wp\/v2\/types\/post"}],"author":[{"embeddable":true,"href":"https:\/\/blogdorogeriogomes.com.br\/noticias\/wp-json\/wp\/v2\/users\/1"}],"replies":[{"embeddable":true,"href":"https:\/\/blogdorogeriogomes.com.br\/noticias\/wp-json\/wp\/v2\/comments?post=7412"}],"version-history":[{"count":1,"href":"https:\/\/blogdorogeriogomes.com.br\/noticias\/wp-json\/wp\/v2\/posts\/7412\/revisions"}],"predecessor-version":[{"id":7414,"href":"https:\/\/blogdorogeriogomes.com.br\/noticias\/wp-json\/wp\/v2\/posts\/7412\/revisions\/7414"}],"wp:attachment":[{"href":"https:\/\/blogdorogeriogomes.com.br\/noticias\/wp-json\/wp\/v2\/media?parent=7412"}],"wp:term":[{"taxonomy":"category","embeddable":true,"href":"https:\/\/blogdorogeriogomes.com.br\/noticias\/wp-json\/wp\/v2\/categories?post=7412"},{"taxonomy":"post_tag","embeddable":true,"href":"https:\/\/blogdorogeriogomes.com.br\/noticias\/wp-json\/wp\/v2\/tags?post=7412"}],"curies":[{"name":"wp","href":"https:\/\/api.w.org\/{rel}","templated":true}]}}