{"id":7418,"date":"2017-11-26T11:09:52","date_gmt":"2017-11-26T11:09:52","guid":{"rendered":"http:\/\/blogdorogeriogomes.com.br\/?p=7418"},"modified":"2017-11-26T11:09:52","modified_gmt":"2017-11-26T11:09:52","slug":"manuela-davila-e-atracao-em-seminario-sobre-a-mulher-em-fortaleza","status":"publish","type":"post","link":"https:\/\/blogdorogeriogomes.com.br\/noticias\/2017\/11\/manuela-davila-e-atracao-em-seminario-sobre-a-mulher-em-fortaleza\/","title":{"rendered":"Manuela D&#8217;\u00c1vila \u00e9 atra\u00e7\u00e3o em semin\u00e1rio sobre a mulher em Fortaleza"},"content":{"rendered":"<p><span style=\"font-weight: 400;\"><img loading=\"lazy\" decoding=\"async\" class=\"alignnone size-medium wp-image-7419\" src=\"http:\/\/blogdorogeriogomes.com.br\/wp-content\/uploads\/2017\/11\/unnamed-4-300x176.jpg\" alt=\"unnamed\" width=\"300\" height=\"176\" srcset=\"https:\/\/blogdorogeriogomes.com.br\/noticias\/wp-content\/uploads\/2017\/11\/unnamed-4-300x176.jpg 300w, https:\/\/blogdorogeriogomes.com.br\/noticias\/wp-content\/uploads\/2017\/11\/unnamed-4.jpg 501w\" sizes=\"auto, (max-width: 300px) 100vw, 300px\" \/><\/span><span style=\"font-weight: 400;\">Pr\u00e9-candidata do PC do B \u00e0 Presid\u00eancia da Rep\u00fablica, a deputada estadual Manuela D\u00b4\u00c1vila estar\u00e1 em Fortaleza nesta segunda-feira, dia 27 de novembro. Ela participa do semin\u00e1rio \u201c16 Dias de Ativismo: Direitos, Lutas e Resist\u00eancia\u201d, promovido no Audit\u00f3rio Murilo Aguiar, da Assembleia Legislativa, pela Procuradoria Especial da Mulher.<\/span><\/p>\n<p><span style=\"font-weight: 400;\">O semin\u00e1rio ter\u00e1 ainda as presen\u00e7as de Maria da Penha, Zelma Madeira, Roberta Viegas, Eleonora Menicucci, Daniel Costa Lima e Cristina Buarque.<\/span><\/p>\n<p><span style=\"font-weight: 400;\">Manuela D\u00b4\u00c1vila dar\u00e1 entrevista coletiva no Comit\u00ea de Imprensa da Assembleia Legislativa, onde pretende explicar os planos do PC do B para o pleito de 2018.<\/span><\/p>\n","protected":false},"excerpt":{"rendered":"<p>Pr\u00e9-candidata do PC do B \u00e0 Presid\u00eancia da Rep\u00fablica, a deputada estadual Manuela D\u00b4\u00c1vila estar\u00e1 em Fortaleza nesta segunda-feira, dia 27 de novembro. Ela participa do semin\u00e1rio \u201c16 Dias de Ativismo: Direitos, Lutas e Resist\u00eancia\u201d, promovido no Audit\u00f3rio Murilo Aguiar, da Assembleia Legislativa, pela Procuradoria Especial da Mulher. O semin\u00e1rio ter\u00e1 ainda as presen\u00e7as de Maria da Penha, Zelma Madeira, Roberta Viegas, Eleonora Menicucci, Daniel Costa Lima e Cristina Buarque. Manuela D\u00b4\u00c1vila dar\u00e1 entrevista coletiva no Comit\u00ea de Imprensa&hellip;<\/p>\n","protected":false},"author":1,"featured_media":0,"comment_status":"open","ping_status":"open","sticky":false,"template":"","format":"standard","meta":{"footnotes":""},"categories":[1],"tags":[],"class_list":["post-7418","post","type-post","status-publish","format-standard","hentry","category-noticias"],"_links":{"self":[{"href":"https:\/\/blogdorogeriogomes.com.br\/noticias\/wp-json\/wp\/v2\/posts\/7418","targetHints":{"allow":["GET"]}}],"collection":[{"href":"https:\/\/blogdorogeriogomes.com.br\/noticias\/wp-json\/wp\/v2\/posts"}],"about":[{"href":"https:\/\/blogdorogeriogomes.com.br\/noticias\/wp-json\/wp\/v2\/types\/post"}],"author":[{"embeddable":true,"href":"https:\/\/blogdorogeriogomes.com.br\/noticias\/wp-json\/wp\/v2\/users\/1"}],"replies":[{"embeddable":true,"href":"https:\/\/blogdorogeriogomes.com.br\/noticias\/wp-json\/wp\/v2\/comments?post=7418"}],"version-history":[{"count":1,"href":"https:\/\/blogdorogeriogomes.com.br\/noticias\/wp-json\/wp\/v2\/posts\/7418\/revisions"}],"predecessor-version":[{"id":7420,"href":"https:\/\/blogdorogeriogomes.com.br\/noticias\/wp-json\/wp\/v2\/posts\/7418\/revisions\/7420"}],"wp:attachment":[{"href":"https:\/\/blogdorogeriogomes.com.br\/noticias\/wp-json\/wp\/v2\/media?parent=7418"}],"wp:term":[{"taxonomy":"category","embeddable":true,"href":"https:\/\/blogdorogeriogomes.com.br\/noticias\/wp-json\/wp\/v2\/categories?post=7418"},{"taxonomy":"post_tag","embeddable":true,"href":"https:\/\/blogdorogeriogomes.com.br\/noticias\/wp-json\/wp\/v2\/tags?post=7418"}],"curies":[{"name":"wp","href":"https:\/\/api.w.org\/{rel}","templated":true}]}}