{"id":7422,"date":"2017-11-27T09:06:28","date_gmt":"2017-11-27T09:06:28","guid":{"rendered":"http:\/\/blogdorogeriogomes.com.br\/?p=7422"},"modified":"2017-11-27T09:06:28","modified_gmt":"2017-11-27T09:06:28","slug":"eunicio-oliveira-ve-possibilidade-de-reforma-da-previdencia-chegar-ao-senado-em-fevereiro","status":"publish","type":"post","link":"https:\/\/blogdorogeriogomes.com.br\/noticias\/2017\/11\/eunicio-oliveira-ve-possibilidade-de-reforma-da-previdencia-chegar-ao-senado-em-fevereiro\/","title":{"rendered":"Eun\u00edcio Oliveira v\u00ea possibilidade de Reforma da Previd\u00eancia chegar ao Senado em fevereiro"},"content":{"rendered":"<p><img loading=\"lazy\" decoding=\"async\" class=\"alignnone size-medium wp-image-7423\" src=\"http:\/\/blogdorogeriogomes.com.br\/wp-content\/uploads\/2017\/11\/images-14-1-300x163.jpeg\" alt=\"images (14)\" width=\"300\" height=\"163\" srcset=\"https:\/\/blogdorogeriogomes.com.br\/noticias\/wp-content\/uploads\/2017\/11\/images-14-1-300x163.jpeg 300w, https:\/\/blogdorogeriogomes.com.br\/noticias\/wp-content\/uploads\/2017\/11\/images-14-1.jpeg 520w\" sizes=\"auto, (max-width: 300px) 100vw, 300px\" \/><\/p>\n<p><span style=\"font-weight: 400;\">Um encontro entre o senador cearense Eun\u00edcio Oliveira, presidente do Senado, e Rodrigo Maia, presidente da C\u00e2mara, neste domingo, dia 26 de novembro, em Bras\u00edlia,tra\u00e7ou estrat\u00e9gias quanto ao andamento da Reforma da Previd\u00eancia. Maia quer aprovar o texto enviado pelo Governo Federal na C\u00e2mara ainda em dezembro. Caso isso aconte\u00e7a, a reforma nas aposentadorias seguiria para o Senado em fevereiro, ap\u00f3s o recesso parlamentar.<\/span><\/p>\n<p><span style=\"font-weight: 400;\">A expectativa \u00e9 que a Reforma da Previd\u00eancia v\u00e1 para vota\u00e7\u00e3o na C\u00e2mara entre os dias 7 e 15 de dezembro. Depois de uma revis\u00e3o do Governo, a reforma traz um texto enxuto com mudan\u00e7as na transi\u00e7\u00e3o para solicitar a aposentadoria, altera\u00e7\u00e3o na idade m\u00ednima e retirada de privil\u00e9gios de algumas categorias na hora de solicitar o benef\u00edcio.<\/span><\/p>\n","protected":false},"excerpt":{"rendered":"<p>Um encontro entre o senador cearense Eun\u00edcio Oliveira, presidente do Senado, e Rodrigo Maia, presidente da C\u00e2mara, neste domingo, dia 26 de novembro, em Bras\u00edlia,tra\u00e7ou estrat\u00e9gias quanto ao andamento da Reforma da Previd\u00eancia. Maia quer aprovar o texto enviado pelo Governo Federal na C\u00e2mara ainda em dezembro. Caso isso aconte\u00e7a, a reforma nas aposentadorias seguiria para o Senado em fevereiro, ap\u00f3s o recesso parlamentar. A expectativa \u00e9 que a Reforma da Previd\u00eancia v\u00e1 para vota\u00e7\u00e3o na C\u00e2mara entre os&hellip;<\/p>\n","protected":false},"author":1,"featured_media":0,"comment_status":"open","ping_status":"open","sticky":false,"template":"","format":"standard","meta":{"footnotes":""},"categories":[1],"tags":[],"class_list":["post-7422","post","type-post","status-publish","format-standard","hentry","category-noticias"],"_links":{"self":[{"href":"https:\/\/blogdorogeriogomes.com.br\/noticias\/wp-json\/wp\/v2\/posts\/7422","targetHints":{"allow":["GET"]}}],"collection":[{"href":"https:\/\/blogdorogeriogomes.com.br\/noticias\/wp-json\/wp\/v2\/posts"}],"about":[{"href":"https:\/\/blogdorogeriogomes.com.br\/noticias\/wp-json\/wp\/v2\/types\/post"}],"author":[{"embeddable":true,"href":"https:\/\/blogdorogeriogomes.com.br\/noticias\/wp-json\/wp\/v2\/users\/1"}],"replies":[{"embeddable":true,"href":"https:\/\/blogdorogeriogomes.com.br\/noticias\/wp-json\/wp\/v2\/comments?post=7422"}],"version-history":[{"count":1,"href":"https:\/\/blogdorogeriogomes.com.br\/noticias\/wp-json\/wp\/v2\/posts\/7422\/revisions"}],"predecessor-version":[{"id":7424,"href":"https:\/\/blogdorogeriogomes.com.br\/noticias\/wp-json\/wp\/v2\/posts\/7422\/revisions\/7424"}],"wp:attachment":[{"href":"https:\/\/blogdorogeriogomes.com.br\/noticias\/wp-json\/wp\/v2\/media?parent=7422"}],"wp:term":[{"taxonomy":"category","embeddable":true,"href":"https:\/\/blogdorogeriogomes.com.br\/noticias\/wp-json\/wp\/v2\/categories?post=7422"},{"taxonomy":"post_tag","embeddable":true,"href":"https:\/\/blogdorogeriogomes.com.br\/noticias\/wp-json\/wp\/v2\/tags?post=7422"}],"curies":[{"name":"wp","href":"https:\/\/api.w.org\/{rel}","templated":true}]}}