{"id":7428,"date":"2017-11-28T00:32:10","date_gmt":"2017-11-28T00:32:10","guid":{"rendered":"http:\/\/blogdorogeriogomes.com.br\/?p=7428"},"modified":"2017-11-28T00:32:10","modified_gmt":"2017-11-28T00:32:10","slug":"prefeitura-de-fortaleza-substitui-100-bicicletas-no-sistema-de-compartilhamento","status":"publish","type":"post","link":"https:\/\/blogdorogeriogomes.com.br\/noticias\/2017\/11\/prefeitura-de-fortaleza-substitui-100-bicicletas-no-sistema-de-compartilhamento\/","title":{"rendered":"Prefeitura de Fortaleza substitui 100 bicicletas no sistema de compartilhamento"},"content":{"rendered":"<p><img loading=\"lazy\" decoding=\"async\" class=\"alignnone size-medium wp-image-7431\" src=\"http:\/\/blogdorogeriogomes.com.br\/wp-content\/uploads\/2017\/11\/images-16-1-300x225.jpeg\" alt=\"images (16)\" width=\"300\" height=\"225\" srcset=\"https:\/\/blogdorogeriogomes.com.br\/noticias\/wp-content\/uploads\/2017\/11\/images-16-1-300x225.jpeg 300w, https:\/\/blogdorogeriogomes.com.br\/noticias\/wp-content\/uploads\/2017\/11\/images-16-1.jpeg 443w\" sizes=\"auto, (max-width: 300px) 100vw, 300px\" \/><\/p>\n<p><span style=\"font-weight: 400;\">A Prefeitura de Fortaleza far\u00e1 at\u00e9 o fim do ano a substitui\u00e7\u00e3o de 100 bicicletas utilizadas no sistema de compartilhamento. 60 bicicletas novas j\u00e1 passaram a operar nas esta\u00e7\u00f5es dos terminais Conjunto Cear\u00e1, Messejana e Siqueira. A segunda etapa ter\u00e1 outras 40 bicicletas novas nas esta\u00e7\u00f5es dos terminais Parangaba e Papicu.<\/span><\/p>\n<p><span style=\"font-weight: 400;\">O programa de compartilhamento de bicicletas \u00e9 coordenado pela Secretaria Municipal de Conserva\u00e7\u00e3o e Servi\u00e7os P\u00fablicos, atrav\u00e9s da Gest\u00e3o Ciclovi\u00e1ria de Fortaleza.<\/span><\/p>\n<p><span style=\"font-weight: 400;\">As novas bicicletas ganham o patroc\u00ednio da rede de supermercados Extra, Grupo Marquise, Unifor e Indai\u00e1.<\/span><\/p>\n","protected":false},"excerpt":{"rendered":"<p>A Prefeitura de Fortaleza far\u00e1 at\u00e9 o fim do ano a substitui\u00e7\u00e3o de 100 bicicletas utilizadas no sistema de compartilhamento. 60 bicicletas novas j\u00e1 passaram a operar nas esta\u00e7\u00f5es dos terminais Conjunto Cear\u00e1, Messejana e Siqueira. A segunda etapa ter\u00e1 outras 40 bicicletas novas nas esta\u00e7\u00f5es dos terminais Parangaba e Papicu. O programa de compartilhamento de bicicletas \u00e9 coordenado pela Secretaria Municipal de Conserva\u00e7\u00e3o e Servi\u00e7os P\u00fablicos, atrav\u00e9s da Gest\u00e3o Ciclovi\u00e1ria de Fortaleza. As novas bicicletas ganham o patroc\u00ednio&hellip;<\/p>\n","protected":false},"author":1,"featured_media":0,"comment_status":"open","ping_status":"open","sticky":false,"template":"","format":"standard","meta":{"footnotes":""},"categories":[1],"tags":[],"class_list":["post-7428","post","type-post","status-publish","format-standard","hentry","category-noticias"],"_links":{"self":[{"href":"https:\/\/blogdorogeriogomes.com.br\/noticias\/wp-json\/wp\/v2\/posts\/7428","targetHints":{"allow":["GET"]}}],"collection":[{"href":"https:\/\/blogdorogeriogomes.com.br\/noticias\/wp-json\/wp\/v2\/posts"}],"about":[{"href":"https:\/\/blogdorogeriogomes.com.br\/noticias\/wp-json\/wp\/v2\/types\/post"}],"author":[{"embeddable":true,"href":"https:\/\/blogdorogeriogomes.com.br\/noticias\/wp-json\/wp\/v2\/users\/1"}],"replies":[{"embeddable":true,"href":"https:\/\/blogdorogeriogomes.com.br\/noticias\/wp-json\/wp\/v2\/comments?post=7428"}],"version-history":[{"count":1,"href":"https:\/\/blogdorogeriogomes.com.br\/noticias\/wp-json\/wp\/v2\/posts\/7428\/revisions"}],"predecessor-version":[{"id":7432,"href":"https:\/\/blogdorogeriogomes.com.br\/noticias\/wp-json\/wp\/v2\/posts\/7428\/revisions\/7432"}],"wp:attachment":[{"href":"https:\/\/blogdorogeriogomes.com.br\/noticias\/wp-json\/wp\/v2\/media?parent=7428"}],"wp:term":[{"taxonomy":"category","embeddable":true,"href":"https:\/\/blogdorogeriogomes.com.br\/noticias\/wp-json\/wp\/v2\/categories?post=7428"},{"taxonomy":"post_tag","embeddable":true,"href":"https:\/\/blogdorogeriogomes.com.br\/noticias\/wp-json\/wp\/v2\/tags?post=7428"}],"curies":[{"name":"wp","href":"https:\/\/api.w.org\/{rel}","templated":true}]}}