{"id":7433,"date":"2017-11-28T08:54:21","date_gmt":"2017-11-28T08:54:21","guid":{"rendered":"http:\/\/blogdorogeriogomes.com.br\/?p=7433"},"modified":"2017-11-28T08:54:21","modified_gmt":"2017-11-28T08:54:21","slug":"acordo-tucano-fortalece-alckmin-para-disputa-presidencial","status":"publish","type":"post","link":"https:\/\/blogdorogeriogomes.com.br\/noticias\/2017\/11\/acordo-tucano-fortalece-alckmin-para-disputa-presidencial\/","title":{"rendered":"Acordo tucano fortalece Alckmin para disputa presidencial"},"content":{"rendered":"<p><img loading=\"lazy\" decoding=\"async\" class=\"alignnone size-medium wp-image-7434\" src=\"http:\/\/blogdorogeriogomes.com.br\/wp-content\/uploads\/2017\/11\/images-18-1-300x169.jpeg\" alt=\"images (18)\" width=\"300\" height=\"169\" srcset=\"https:\/\/blogdorogeriogomes.com.br\/noticias\/wp-content\/uploads\/2017\/11\/images-18-1-300x169.jpeg 300w, https:\/\/blogdorogeriogomes.com.br\/noticias\/wp-content\/uploads\/2017\/11\/images-18-1.jpeg 511w\" sizes=\"auto, (max-width: 300px) 100vw, 300px\" \/><\/p>\n<p><span style=\"font-weight: 400;\">A paz foi selada no PSDB. O senador cearense Tasso Jereissati e o governador Marconi Perillo (GO) retiraram seus nomes da disputa para a presid\u00eancia nacional do partido. O PSDB chegou a um acordo em torno do governador de S\u00e3o Paulo, Geraldo Alckmin.<\/span><span style=\"font-weight: 400;\"><br \/>\n<\/span><span style=\"font-weight: 400;\">O acordo entre os tr\u00eas foi selado em um jantar com a presen\u00e7a do ex-presidente da Rep\u00fablica Fernando Henrique Cardoso. A composi\u00e7\u00e3o fortalece o nome de Geraldo Alckmin como pr\u00e9-candidato ao Pal\u00e1cio do Planalto em 2018 pelo PSDB.<\/span><\/p>\n","protected":false},"excerpt":{"rendered":"<p>A paz foi selada no PSDB. O senador cearense Tasso Jereissati e o governador Marconi Perillo (GO) retiraram seus nomes da disputa para a presid\u00eancia nacional do partido. O PSDB chegou a um acordo em torno do governador de S\u00e3o Paulo, Geraldo Alckmin. O acordo entre os tr\u00eas foi selado em um jantar com a presen\u00e7a do ex-presidente da Rep\u00fablica Fernando Henrique Cardoso. A composi\u00e7\u00e3o fortalece o nome de Geraldo Alckmin como pr\u00e9-candidato ao Pal\u00e1cio do Planalto em 2018&hellip;<\/p>\n","protected":false},"author":1,"featured_media":0,"comment_status":"open","ping_status":"open","sticky":false,"template":"","format":"standard","meta":{"footnotes":""},"categories":[1],"tags":[],"class_list":["post-7433","post","type-post","status-publish","format-standard","hentry","category-noticias"],"_links":{"self":[{"href":"https:\/\/blogdorogeriogomes.com.br\/noticias\/wp-json\/wp\/v2\/posts\/7433","targetHints":{"allow":["GET"]}}],"collection":[{"href":"https:\/\/blogdorogeriogomes.com.br\/noticias\/wp-json\/wp\/v2\/posts"}],"about":[{"href":"https:\/\/blogdorogeriogomes.com.br\/noticias\/wp-json\/wp\/v2\/types\/post"}],"author":[{"embeddable":true,"href":"https:\/\/blogdorogeriogomes.com.br\/noticias\/wp-json\/wp\/v2\/users\/1"}],"replies":[{"embeddable":true,"href":"https:\/\/blogdorogeriogomes.com.br\/noticias\/wp-json\/wp\/v2\/comments?post=7433"}],"version-history":[{"count":1,"href":"https:\/\/blogdorogeriogomes.com.br\/noticias\/wp-json\/wp\/v2\/posts\/7433\/revisions"}],"predecessor-version":[{"id":7435,"href":"https:\/\/blogdorogeriogomes.com.br\/noticias\/wp-json\/wp\/v2\/posts\/7433\/revisions\/7435"}],"wp:attachment":[{"href":"https:\/\/blogdorogeriogomes.com.br\/noticias\/wp-json\/wp\/v2\/media?parent=7433"}],"wp:term":[{"taxonomy":"category","embeddable":true,"href":"https:\/\/blogdorogeriogomes.com.br\/noticias\/wp-json\/wp\/v2\/categories?post=7433"},{"taxonomy":"post_tag","embeddable":true,"href":"https:\/\/blogdorogeriogomes.com.br\/noticias\/wp-json\/wp\/v2\/tags?post=7433"}],"curies":[{"name":"wp","href":"https:\/\/api.w.org\/{rel}","templated":true}]}}