{"id":7436,"date":"2017-11-28T08:55:54","date_gmt":"2017-11-28T08:55:54","guid":{"rendered":"http:\/\/blogdorogeriogomes.com.br\/?p=7436"},"modified":"2017-11-28T08:55:54","modified_gmt":"2017-11-28T08:55:54","slug":"ivo-gomes-entra-com-recurso-no-tre-para-se-manter-prefeito-em-sobral","status":"publish","type":"post","link":"https:\/\/blogdorogeriogomes.com.br\/noticias\/2017\/11\/ivo-gomes-entra-com-recurso-no-tre-para-se-manter-prefeito-em-sobral\/","title":{"rendered":"Ivo Gomes entra com recurso no TRE para se manter prefeito em Sobral"},"content":{"rendered":"<p><img loading=\"lazy\" decoding=\"async\" class=\"alignnone size-medium wp-image-7438\" src=\"http:\/\/blogdorogeriogomes.com.br\/wp-content\/uploads\/2017\/11\/images-17-1-300x200.jpeg\" alt=\"images (17)\" width=\"300\" height=\"200\" srcset=\"https:\/\/blogdorogeriogomes.com.br\/noticias\/wp-content\/uploads\/2017\/11\/images-17-1-300x200.jpeg 300w, https:\/\/blogdorogeriogomes.com.br\/noticias\/wp-content\/uploads\/2017\/11\/images-17-1.jpeg 470w\" sizes=\"auto, (max-width: 300px) 100vw, 300px\" \/><\/p>\n<p><span style=\"font-weight: 400;\">O prefeito de Sobral, Ivo Gomes, vai recorrer ao Tribunal Regional Eleitoral (TRE) da decis\u00e3o do juiz F\u00e1bio Medeiros Falc\u00e3o de Andrade, da 24\u00aa zona eleitoral, de cassar o seu mandato e da vice Christianne Coelho (PT). Enquanto o recurso n\u00e3o for julgado, os dois seguem normalmente no exerc\u00edcio do mandato.<\/span><\/p>\n<p><span style=\"font-weight: 400;\">O juiz alegou abuso de poder econ\u00f4mico de Ivo Gomes na campanha de 2016 em a\u00e7\u00e3o impetrada pelo candidato derrotado \u00e0 Prefeitura de Sobral \u00e0 \u00e9poca, Moses Rodrigues (PMDB). F\u00e1bio Medeiros ainda determinou a inelegibilidade de ambos por oito anos e multa de R$ 40 mil para o prefeito e a vice.<\/span><\/p>\n<p><span style=\"font-weight: 400;\">O prefeito Ivo Gomes negou qualquer compra de votos na campanha e classificou a decis\u00e3o do juiz eleitoral como &#8220;absurda&#8221;.<\/span><\/p>\n","protected":false},"excerpt":{"rendered":"<p>O prefeito de Sobral, Ivo Gomes, vai recorrer ao Tribunal Regional Eleitoral (TRE) da decis\u00e3o do juiz F\u00e1bio Medeiros Falc\u00e3o de Andrade, da 24\u00aa zona eleitoral, de cassar o seu mandato e da vice Christianne Coelho (PT). Enquanto o recurso n\u00e3o for julgado, os dois seguem normalmente no exerc\u00edcio do mandato. O juiz alegou abuso de poder econ\u00f4mico de Ivo Gomes na campanha de 2016 em a\u00e7\u00e3o impetrada pelo candidato derrotado \u00e0 Prefeitura de Sobral \u00e0 \u00e9poca, Moses Rodrigues&hellip;<\/p>\n","protected":false},"author":1,"featured_media":0,"comment_status":"open","ping_status":"open","sticky":false,"template":"","format":"standard","meta":{"footnotes":""},"categories":[1],"tags":[],"class_list":["post-7436","post","type-post","status-publish","format-standard","hentry","category-noticias"],"_links":{"self":[{"href":"https:\/\/blogdorogeriogomes.com.br\/noticias\/wp-json\/wp\/v2\/posts\/7436","targetHints":{"allow":["GET"]}}],"collection":[{"href":"https:\/\/blogdorogeriogomes.com.br\/noticias\/wp-json\/wp\/v2\/posts"}],"about":[{"href":"https:\/\/blogdorogeriogomes.com.br\/noticias\/wp-json\/wp\/v2\/types\/post"}],"author":[{"embeddable":true,"href":"https:\/\/blogdorogeriogomes.com.br\/noticias\/wp-json\/wp\/v2\/users\/1"}],"replies":[{"embeddable":true,"href":"https:\/\/blogdorogeriogomes.com.br\/noticias\/wp-json\/wp\/v2\/comments?post=7436"}],"version-history":[{"count":1,"href":"https:\/\/blogdorogeriogomes.com.br\/noticias\/wp-json\/wp\/v2\/posts\/7436\/revisions"}],"predecessor-version":[{"id":7439,"href":"https:\/\/blogdorogeriogomes.com.br\/noticias\/wp-json\/wp\/v2\/posts\/7436\/revisions\/7439"}],"wp:attachment":[{"href":"https:\/\/blogdorogeriogomes.com.br\/noticias\/wp-json\/wp\/v2\/media?parent=7436"}],"wp:term":[{"taxonomy":"category","embeddable":true,"href":"https:\/\/blogdorogeriogomes.com.br\/noticias\/wp-json\/wp\/v2\/categories?post=7436"},{"taxonomy":"post_tag","embeddable":true,"href":"https:\/\/blogdorogeriogomes.com.br\/noticias\/wp-json\/wp\/v2\/tags?post=7436"}],"curies":[{"name":"wp","href":"https:\/\/api.w.org\/{rel}","templated":true}]}}