{"id":7440,"date":"2017-11-28T09:15:43","date_gmt":"2017-11-28T09:15:43","guid":{"rendered":"http:\/\/blogdorogeriogomes.com.br\/?p=7440"},"modified":"2017-11-28T09:15:43","modified_gmt":"2017-11-28T09:15:43","slug":"pre-candidatos-ao-planalto-comecam-a-tomar-posicoes","status":"publish","type":"post","link":"https:\/\/blogdorogeriogomes.com.br\/noticias\/2017\/11\/pre-candidatos-ao-planalto-comecam-a-tomar-posicoes\/","title":{"rendered":"Pr\u00e9 candidatos ao Planalto come\u00e7am a tomar posi\u00e7\u00f5es"},"content":{"rendered":"<p><img loading=\"lazy\" decoding=\"async\" class=\"alignnone size-medium wp-image-7441\" src=\"http:\/\/blogdorogeriogomes.com.br\/wp-content\/uploads\/2017\/11\/images-19-1-300x192.jpeg\" alt=\"images (19)\" width=\"300\" height=\"192\" srcset=\"https:\/\/blogdorogeriogomes.com.br\/noticias\/wp-content\/uploads\/2017\/11\/images-19-1-300x192.jpeg 300w, https:\/\/blogdorogeriogomes.com.br\/noticias\/wp-content\/uploads\/2017\/11\/images-19-1.jpeg 479w\" sizes=\"auto, (max-width: 300px) 100vw, 300px\" \/><\/p>\n<p><span style=\"font-weight: 400;\">Aos poucos, os pr\u00e9 candidatos \u00e0 Presid\u00eancia da Rep\u00fablica v\u00e3o tomando suas posi\u00e7\u00f5es no tabuleiro da sucess\u00e3o de Michel Temer. A ex-ministra Marina Silva, da Rede Sustentabilidade, afirmou que ir\u00e1 decidir se concorrer\u00e1 ao Planalto pela terceira vez at\u00e9 o Carnaval, em fevereiro. <\/span><span style=\"font-weight: 400;\"><br \/>\n<\/span><span style=\"font-weight: 400;\">Em artigo publicado em jornal, o apresentador da Globo, Luciano Huck anunciou que n\u00e3o vai concorrer \u00e0 Presid\u00eancia.<\/span><\/p>\n<p><span style=\"font-weight: 400;\">J\u00e1 o ministro da Fazenda, Henrique Meirelles, disse que s\u00f3 confirmar\u00e1 se ser\u00e1 ou n\u00e3o candidato \u00e0 Presid\u00eancia no primeiro trimestre de 2018. <\/span><\/p>\n","protected":false},"excerpt":{"rendered":"<p>Aos poucos, os pr\u00e9 candidatos \u00e0 Presid\u00eancia da Rep\u00fablica v\u00e3o tomando suas posi\u00e7\u00f5es no tabuleiro da sucess\u00e3o de Michel Temer. A ex-ministra Marina Silva, da Rede Sustentabilidade, afirmou que ir\u00e1 decidir se concorrer\u00e1 ao Planalto pela terceira vez at\u00e9 o Carnaval, em fevereiro. Em artigo publicado em jornal, o apresentador da Globo, Luciano Huck anunciou que n\u00e3o vai concorrer \u00e0 Presid\u00eancia. J\u00e1 o ministro da Fazenda, Henrique Meirelles, disse que s\u00f3 confirmar\u00e1 se ser\u00e1 ou n\u00e3o candidato \u00e0 Presid\u00eancia&hellip;<\/p>\n","protected":false},"author":1,"featured_media":0,"comment_status":"open","ping_status":"open","sticky":false,"template":"","format":"standard","meta":{"footnotes":""},"categories":[1],"tags":[],"class_list":["post-7440","post","type-post","status-publish","format-standard","hentry","category-noticias"],"_links":{"self":[{"href":"https:\/\/blogdorogeriogomes.com.br\/noticias\/wp-json\/wp\/v2\/posts\/7440","targetHints":{"allow":["GET"]}}],"collection":[{"href":"https:\/\/blogdorogeriogomes.com.br\/noticias\/wp-json\/wp\/v2\/posts"}],"about":[{"href":"https:\/\/blogdorogeriogomes.com.br\/noticias\/wp-json\/wp\/v2\/types\/post"}],"author":[{"embeddable":true,"href":"https:\/\/blogdorogeriogomes.com.br\/noticias\/wp-json\/wp\/v2\/users\/1"}],"replies":[{"embeddable":true,"href":"https:\/\/blogdorogeriogomes.com.br\/noticias\/wp-json\/wp\/v2\/comments?post=7440"}],"version-history":[{"count":1,"href":"https:\/\/blogdorogeriogomes.com.br\/noticias\/wp-json\/wp\/v2\/posts\/7440\/revisions"}],"predecessor-version":[{"id":7442,"href":"https:\/\/blogdorogeriogomes.com.br\/noticias\/wp-json\/wp\/v2\/posts\/7440\/revisions\/7442"}],"wp:attachment":[{"href":"https:\/\/blogdorogeriogomes.com.br\/noticias\/wp-json\/wp\/v2\/media?parent=7440"}],"wp:term":[{"taxonomy":"category","embeddable":true,"href":"https:\/\/blogdorogeriogomes.com.br\/noticias\/wp-json\/wp\/v2\/categories?post=7440"},{"taxonomy":"post_tag","embeddable":true,"href":"https:\/\/blogdorogeriogomes.com.br\/noticias\/wp-json\/wp\/v2\/tags?post=7440"}],"curies":[{"name":"wp","href":"https:\/\/api.w.org\/{rel}","templated":true}]}}