{"id":7443,"date":"2017-11-28T19:43:30","date_gmt":"2017-11-28T19:43:30","guid":{"rendered":"http:\/\/blogdorogeriogomes.com.br\/?p=7443"},"modified":"2017-11-28T19:43:30","modified_gmt":"2017-11-28T19:43:30","slug":"programa-avance-deve-ganhar-novos-contemplados-em-2018","status":"publish","type":"post","link":"https:\/\/blogdorogeriogomes.com.br\/noticias\/2017\/11\/programa-avance-deve-ganhar-novos-contemplados-em-2018\/","title":{"rendered":"Programa Avance deve ganhar novos contemplados em 2018"},"content":{"rendered":"<p><img loading=\"lazy\" decoding=\"async\" class=\"alignnone size-medium wp-image-7444\" src=\"http:\/\/blogdorogeriogomes.com.br\/wp-content\/uploads\/2017\/11\/images-20-1-300x200.jpeg\" alt=\"images (20)\" width=\"300\" height=\"200\" srcset=\"https:\/\/blogdorogeriogomes.com.br\/noticias\/wp-content\/uploads\/2017\/11\/images-20-1-300x200.jpeg 300w, https:\/\/blogdorogeriogomes.com.br\/noticias\/wp-content\/uploads\/2017\/11\/images-20-1.jpeg 470w\" sizes=\"auto, (max-width: 300px) 100vw, 300px\" \/><\/p>\n<p><span style=\"font-weight: 400;\">A partir do pr\u00f3ximo ano, qualquer aluno que tenha estudado em escola p\u00fablica e sendo de baixa renda poder\u00e1 ser beneficiado no Programa Avance, que concede bolsas de estudo pagas pelo Governo do Estado. \u00c9 o que confirma o governador Camilo Santana, que vai enviar \u00a0\u00e0 Assembleia Legislativa projeto de lei que amplia o programa.<\/span><\/p>\n<p><span style=\"font-weight: 400;\">A ideia \u00e9 contemplar estudantes inseridos em fam\u00edlias de baixa renda que n\u00e3o tenham direito ao Bolsa Fam\u00edlia. Pela proposta original do Avance, para solicitar a bolsa, o estudante deveria ter cursado o Ensino M\u00e9dio na rede p\u00fablica estadual, ser membro de fam\u00edlia benefici\u00e1ria do programa Bolsa Fam\u00edlia, do Governo Federal, e ter obtido, pelo menos, 560 pontos no Exame Nacional do Ensino M\u00e9dio (Enem), nas edi\u00e7\u00f5es de 2015 ou 2016, al\u00e9m de estar matriculado no primeiro ano de gradua\u00e7\u00e3o em uma Institui\u00e7\u00e3o de Ensino Superior credenciada pelo Minist\u00e9rio da Educa\u00e7\u00e3o.<\/span><\/p>\n","protected":false},"excerpt":{"rendered":"<p>A partir do pr\u00f3ximo ano, qualquer aluno que tenha estudado em escola p\u00fablica e sendo de baixa renda poder\u00e1 ser beneficiado no Programa Avance, que concede bolsas de estudo pagas pelo Governo do Estado. \u00c9 o que confirma o governador Camilo Santana, que vai enviar \u00a0\u00e0 Assembleia Legislativa projeto de lei que amplia o programa. A ideia \u00e9 contemplar estudantes inseridos em fam\u00edlias de baixa renda que n\u00e3o tenham direito ao Bolsa Fam\u00edlia. Pela proposta original do Avance, para&hellip;<\/p>\n","protected":false},"author":1,"featured_media":0,"comment_status":"open","ping_status":"open","sticky":false,"template":"","format":"standard","meta":{"footnotes":""},"categories":[1],"tags":[],"class_list":["post-7443","post","type-post","status-publish","format-standard","hentry","category-noticias"],"_links":{"self":[{"href":"https:\/\/blogdorogeriogomes.com.br\/noticias\/wp-json\/wp\/v2\/posts\/7443","targetHints":{"allow":["GET"]}}],"collection":[{"href":"https:\/\/blogdorogeriogomes.com.br\/noticias\/wp-json\/wp\/v2\/posts"}],"about":[{"href":"https:\/\/blogdorogeriogomes.com.br\/noticias\/wp-json\/wp\/v2\/types\/post"}],"author":[{"embeddable":true,"href":"https:\/\/blogdorogeriogomes.com.br\/noticias\/wp-json\/wp\/v2\/users\/1"}],"replies":[{"embeddable":true,"href":"https:\/\/blogdorogeriogomes.com.br\/noticias\/wp-json\/wp\/v2\/comments?post=7443"}],"version-history":[{"count":1,"href":"https:\/\/blogdorogeriogomes.com.br\/noticias\/wp-json\/wp\/v2\/posts\/7443\/revisions"}],"predecessor-version":[{"id":7445,"href":"https:\/\/blogdorogeriogomes.com.br\/noticias\/wp-json\/wp\/v2\/posts\/7443\/revisions\/7445"}],"wp:attachment":[{"href":"https:\/\/blogdorogeriogomes.com.br\/noticias\/wp-json\/wp\/v2\/media?parent=7443"}],"wp:term":[{"taxonomy":"category","embeddable":true,"href":"https:\/\/blogdorogeriogomes.com.br\/noticias\/wp-json\/wp\/v2\/categories?post=7443"},{"taxonomy":"post_tag","embeddable":true,"href":"https:\/\/blogdorogeriogomes.com.br\/noticias\/wp-json\/wp\/v2\/tags?post=7443"}],"curies":[{"name":"wp","href":"https:\/\/api.w.org\/{rel}","templated":true}]}}