{"id":7458,"date":"2017-11-29T18:45:14","date_gmt":"2017-11-29T18:45:14","guid":{"rendered":"http:\/\/blogdorogeriogomes.com.br\/?p=7458"},"modified":"2017-11-29T18:45:14","modified_gmt":"2017-11-29T18:45:14","slug":"governo-espera-entregar-tunel-do-vlt-na-borges-de-melo-ate-fevereiro-de-2018","status":"publish","type":"post","link":"https:\/\/blogdorogeriogomes.com.br\/noticias\/2017\/11\/governo-espera-entregar-tunel-do-vlt-na-borges-de-melo-ate-fevereiro-de-2018\/","title":{"rendered":"Governo espera entregar t\u00fanel do VLT na Borges de Melo at\u00e9 fevereiro de 2018"},"content":{"rendered":"<p><img loading=\"lazy\" decoding=\"async\" class=\"alignnone size-medium wp-image-7459\" src=\"http:\/\/blogdorogeriogomes.com.br\/wp-content\/uploads\/2017\/11\/IMG_20171129_154716_016-300x200.jpg\" alt=\"IMG_20171129_154716_016\" width=\"300\" height=\"200\" srcset=\"https:\/\/blogdorogeriogomes.com.br\/noticias\/wp-content\/uploads\/2017\/11\/IMG_20171129_154716_016-300x200.jpg 300w, https:\/\/blogdorogeriogomes.com.br\/noticias\/wp-content\/uploads\/2017\/11\/IMG_20171129_154716_016-768x512.jpg 768w, https:\/\/blogdorogeriogomes.com.br\/noticias\/wp-content\/uploads\/2017\/11\/IMG_20171129_154716_016.jpg 1024w\" sizes=\"auto, (max-width: 300px) 100vw, 300px\" \/><\/p>\n<p><span style=\"font-weight: 400;\">As obras do Ve\u00edculo Leve sobre Trilhos (VLT) em Fortaleza seguem em andamento. O t\u00fanel na avenida Borges de Melo, no bairro de F\u00e1tima, deve ter uma das faixas liberadas at\u00e9 o fim de dezembro. At\u00e9 fevereiro, a expectativa \u00e9 que as duas vias estejam prontas e liberadas para o tr\u00e2nsito. <\/span><\/p>\n<p><span style=\"font-weight: 400;\">O governador Camilo Santana fez uma inspe\u00e7\u00e3o da obra nesta quarta-feira, dia 29 de novembro, acompanhado dos engenheiros da empresa respons\u00e1vel pela constru\u00e7\u00e3o. A caminhada foi da esta\u00e7\u00e3o da Borges de Melo at\u00e9 a do Papicu<\/span><\/p>\n<p><span style=\"font-weight: 400;\">O VLT atravessa 22 bairros, \u00e1rea que concentra mais de 500 mil moradores de Fortaleza. A previs\u00e3o de demanda potencial do novo modal \u00e9 de 90 mil passageiros por dia. Em setembro do ano passado, o trecho Parangaba\/Borges de Melo, com 3.600 metros de extens\u00e3o, j\u00e1 entrou em opera\u00e7\u00e3o assistida.<\/span><span style=\"font-weight: 400;\"><br \/>\n<\/span><span style=\"font-weight: 400;\"><br \/>\n<\/span><\/p>\n","protected":false},"excerpt":{"rendered":"<p>As obras do Ve\u00edculo Leve sobre Trilhos (VLT) em Fortaleza seguem em andamento. O t\u00fanel na avenida Borges de Melo, no bairro de F\u00e1tima, deve ter uma das faixas liberadas at\u00e9 o fim de dezembro. At\u00e9 fevereiro, a expectativa \u00e9 que as duas vias estejam prontas e liberadas para o tr\u00e2nsito. O governador Camilo Santana fez uma inspe\u00e7\u00e3o da obra nesta quarta-feira, dia 29 de novembro, acompanhado dos engenheiros da empresa respons\u00e1vel pela constru\u00e7\u00e3o. A caminhada foi da esta\u00e7\u00e3o&hellip;<\/p>\n","protected":false},"author":1,"featured_media":0,"comment_status":"open","ping_status":"open","sticky":false,"template":"","format":"standard","meta":{"footnotes":""},"categories":[1],"tags":[],"class_list":["post-7458","post","type-post","status-publish","format-standard","hentry","category-noticias"],"_links":{"self":[{"href":"https:\/\/blogdorogeriogomes.com.br\/noticias\/wp-json\/wp\/v2\/posts\/7458","targetHints":{"allow":["GET"]}}],"collection":[{"href":"https:\/\/blogdorogeriogomes.com.br\/noticias\/wp-json\/wp\/v2\/posts"}],"about":[{"href":"https:\/\/blogdorogeriogomes.com.br\/noticias\/wp-json\/wp\/v2\/types\/post"}],"author":[{"embeddable":true,"href":"https:\/\/blogdorogeriogomes.com.br\/noticias\/wp-json\/wp\/v2\/users\/1"}],"replies":[{"embeddable":true,"href":"https:\/\/blogdorogeriogomes.com.br\/noticias\/wp-json\/wp\/v2\/comments?post=7458"}],"version-history":[{"count":1,"href":"https:\/\/blogdorogeriogomes.com.br\/noticias\/wp-json\/wp\/v2\/posts\/7458\/revisions"}],"predecessor-version":[{"id":7460,"href":"https:\/\/blogdorogeriogomes.com.br\/noticias\/wp-json\/wp\/v2\/posts\/7458\/revisions\/7460"}],"wp:attachment":[{"href":"https:\/\/blogdorogeriogomes.com.br\/noticias\/wp-json\/wp\/v2\/media?parent=7458"}],"wp:term":[{"taxonomy":"category","embeddable":true,"href":"https:\/\/blogdorogeriogomes.com.br\/noticias\/wp-json\/wp\/v2\/categories?post=7458"},{"taxonomy":"post_tag","embeddable":true,"href":"https:\/\/blogdorogeriogomes.com.br\/noticias\/wp-json\/wp\/v2\/tags?post=7458"}],"curies":[{"name":"wp","href":"https:\/\/api.w.org\/{rel}","templated":true}]}}