{"id":7461,"date":"2017-11-29T21:18:07","date_gmt":"2017-11-29T21:18:07","guid":{"rendered":"http:\/\/blogdorogeriogomes.com.br\/?p=7461"},"modified":"2017-11-29T21:18:07","modified_gmt":"2017-11-29T21:18:07","slug":"stf-proibe-e-acaba-com-a-comercializacao-do-amianto-no-pais","status":"publish","type":"post","link":"https:\/\/blogdorogeriogomes.com.br\/noticias\/2017\/11\/stf-proibe-e-acaba-com-a-comercializacao-do-amianto-no-pais\/","title":{"rendered":"STF pro\u00edbe e acaba com a comercializa\u00e7\u00e3o do amianto no Pa\u00eds"},"content":{"rendered":"<p><img loading=\"lazy\" decoding=\"async\" class=\"alignnone size-medium wp-image-7462\" src=\"http:\/\/blogdorogeriogomes.com.br\/wp-content\/uploads\/2017\/11\/images-25-300x225.jpeg\" alt=\"images (25)\" width=\"300\" height=\"225\" srcset=\"https:\/\/blogdorogeriogomes.com.br\/noticias\/wp-content\/uploads\/2017\/11\/images-25-300x225.jpeg 300w, https:\/\/blogdorogeriogomes.com.br\/noticias\/wp-content\/uploads\/2017\/11\/images-25.jpeg 443w\" sizes=\"auto, (max-width: 300px) 100vw, 300px\" \/><\/p>\n<p><span style=\"font-weight: 400;\">\u00c9 o fim da telha de amianto, muito comum em resid\u00eancias no Nordeste. Por 7 votos a 2, o Supremo Tribunal Federal decidiu nesta quarta-feira, dia 29 de novembro, proibir em todo o Pa\u00eds o uso do amianto, bastante usado na fabrica\u00e7\u00e3o de telhas e caixas d&#8217;\u00e1gua. O motivo \u00e9 que a fibra \u00e9 reconhecidamente cancer\u00edgena e, mesmo assim, ainda podia ser comercializada no Brasil. <\/span><span style=\"font-weight: 400;\"><br \/>\n<\/span><span style=\"font-weight: 400;\">Est\u00e1 proibida a extra\u00e7\u00e3o, a industrializa\u00e7\u00e3o e a comercializa\u00e7\u00e3o do produto em qualquer esclarecimento brasileiro. O Congresso Nacional e os Estados tamb\u00e9m n\u00e3o podem mais aprovar leis para autorizar o uso do amianto.<\/span><\/p>\n","protected":false},"excerpt":{"rendered":"<p>\u00c9 o fim da telha de amianto, muito comum em resid\u00eancias no Nordeste. Por 7 votos a 2, o Supremo Tribunal Federal decidiu nesta quarta-feira, dia 29 de novembro, proibir em todo o Pa\u00eds o uso do amianto, bastante usado na fabrica\u00e7\u00e3o de telhas e caixas d&#8217;\u00e1gua. O motivo \u00e9 que a fibra \u00e9 reconhecidamente cancer\u00edgena e, mesmo assim, ainda podia ser comercializada no Brasil. Est\u00e1 proibida a extra\u00e7\u00e3o, a industrializa\u00e7\u00e3o e a comercializa\u00e7\u00e3o do produto em qualquer esclarecimento&hellip;<\/p>\n","protected":false},"author":1,"featured_media":0,"comment_status":"open","ping_status":"open","sticky":false,"template":"","format":"standard","meta":{"footnotes":""},"categories":[1],"tags":[],"class_list":["post-7461","post","type-post","status-publish","format-standard","hentry","category-noticias"],"_links":{"self":[{"href":"https:\/\/blogdorogeriogomes.com.br\/noticias\/wp-json\/wp\/v2\/posts\/7461","targetHints":{"allow":["GET"]}}],"collection":[{"href":"https:\/\/blogdorogeriogomes.com.br\/noticias\/wp-json\/wp\/v2\/posts"}],"about":[{"href":"https:\/\/blogdorogeriogomes.com.br\/noticias\/wp-json\/wp\/v2\/types\/post"}],"author":[{"embeddable":true,"href":"https:\/\/blogdorogeriogomes.com.br\/noticias\/wp-json\/wp\/v2\/users\/1"}],"replies":[{"embeddable":true,"href":"https:\/\/blogdorogeriogomes.com.br\/noticias\/wp-json\/wp\/v2\/comments?post=7461"}],"version-history":[{"count":1,"href":"https:\/\/blogdorogeriogomes.com.br\/noticias\/wp-json\/wp\/v2\/posts\/7461\/revisions"}],"predecessor-version":[{"id":7463,"href":"https:\/\/blogdorogeriogomes.com.br\/noticias\/wp-json\/wp\/v2\/posts\/7461\/revisions\/7463"}],"wp:attachment":[{"href":"https:\/\/blogdorogeriogomes.com.br\/noticias\/wp-json\/wp\/v2\/media?parent=7461"}],"wp:term":[{"taxonomy":"category","embeddable":true,"href":"https:\/\/blogdorogeriogomes.com.br\/noticias\/wp-json\/wp\/v2\/categories?post=7461"},{"taxonomy":"post_tag","embeddable":true,"href":"https:\/\/blogdorogeriogomes.com.br\/noticias\/wp-json\/wp\/v2\/tags?post=7461"}],"curies":[{"name":"wp","href":"https:\/\/api.w.org\/{rel}","templated":true}]}}