{"id":7464,"date":"2017-11-30T08:40:15","date_gmt":"2017-11-30T08:40:15","guid":{"rendered":"http:\/\/blogdorogeriogomes.com.br\/?p=7464"},"modified":"2017-11-30T08:40:15","modified_gmt":"2017-11-30T08:40:15","slug":"regiao-do-cariri-ja-registra-as-primeiras-chuvas-da-pre-estacao","status":"publish","type":"post","link":"https:\/\/blogdorogeriogomes.com.br\/noticias\/2017\/11\/regiao-do-cariri-ja-registra-as-primeiras-chuvas-da-pre-estacao\/","title":{"rendered":"Regi\u00e3o do Cariri j\u00e1 registra as primeiras chuvas da pr\u00e9 esta\u00e7\u00e3o"},"content":{"rendered":"<p><img loading=\"lazy\" decoding=\"async\" class=\"alignnone size-medium wp-image-7465\" src=\"http:\/\/blogdorogeriogomes.com.br\/wp-content\/uploads\/2017\/11\/images-26-300x225.jpeg\" alt=\"images (26)\" width=\"300\" height=\"225\" srcset=\"https:\/\/blogdorogeriogomes.com.br\/noticias\/wp-content\/uploads\/2017\/11\/images-26-300x225.jpeg 300w, https:\/\/blogdorogeriogomes.com.br\/noticias\/wp-content\/uploads\/2017\/11\/images-26.jpeg 443w\" sizes=\"auto, (max-width: 300px) 100vw, 300px\" \/><\/p>\n<p><span style=\"font-weight: 400;\">Quando dezembro chega, a Regi\u00e3o do Cariri \u00e9 a primeira a registrar precipita\u00e7\u00f5es. E esta semana, a regi\u00e3o no Sul do Cear\u00e1 j\u00e1 teve boas chuvas que superaram 70 mil\u00edmetros, como foi o caso do munic\u00edpio de Barbalha.<\/span><\/p>\n<p><span style=\"font-weight: 400;\">De acordo com a Funceme, as chuvas nos meses de novembro e dezembro s\u00e3o comuns devido ao fen\u00f4meno de v\u00f3rtice cicl\u00f4nico de altos n\u00edveis, que causa instabilidade atmosf\u00e9rica e facilita a forma\u00e7\u00e3o de nuvens mais significativas.<\/span><\/p>\n<p><span style=\"font-weight: 400;\">As perspectivas de uma quadra chuvosa mais rigorosa no Estado a partir de fevereiro do pr\u00f3ximo ano continuam favor\u00e1veis. Mas \u00e9 necess\u00e1rio que venha a chover bem em regi\u00f5es onde h\u00e1 pouca \u00e1gua nos grandes reservat\u00f3rios, como o Castanh\u00e3o (Nova Jaguaribara) e Or\u00f3s (Centro-Sul).<\/span><span style=\"font-weight: 400;\"><br \/>\n<\/span><\/p>\n","protected":false},"excerpt":{"rendered":"<p>Quando dezembro chega, a Regi\u00e3o do Cariri \u00e9 a primeira a registrar precipita\u00e7\u00f5es. E esta semana, a regi\u00e3o no Sul do Cear\u00e1 j\u00e1 teve boas chuvas que superaram 70 mil\u00edmetros, como foi o caso do munic\u00edpio de Barbalha. De acordo com a Funceme, as chuvas nos meses de novembro e dezembro s\u00e3o comuns devido ao fen\u00f4meno de v\u00f3rtice cicl\u00f4nico de altos n\u00edveis, que causa instabilidade atmosf\u00e9rica e facilita a forma\u00e7\u00e3o de nuvens mais significativas. As perspectivas de uma quadra&hellip;<\/p>\n","protected":false},"author":1,"featured_media":0,"comment_status":"open","ping_status":"open","sticky":false,"template":"","format":"standard","meta":{"footnotes":""},"categories":[1],"tags":[],"class_list":["post-7464","post","type-post","status-publish","format-standard","hentry","category-noticias"],"_links":{"self":[{"href":"https:\/\/blogdorogeriogomes.com.br\/noticias\/wp-json\/wp\/v2\/posts\/7464","targetHints":{"allow":["GET"]}}],"collection":[{"href":"https:\/\/blogdorogeriogomes.com.br\/noticias\/wp-json\/wp\/v2\/posts"}],"about":[{"href":"https:\/\/blogdorogeriogomes.com.br\/noticias\/wp-json\/wp\/v2\/types\/post"}],"author":[{"embeddable":true,"href":"https:\/\/blogdorogeriogomes.com.br\/noticias\/wp-json\/wp\/v2\/users\/1"}],"replies":[{"embeddable":true,"href":"https:\/\/blogdorogeriogomes.com.br\/noticias\/wp-json\/wp\/v2\/comments?post=7464"}],"version-history":[{"count":1,"href":"https:\/\/blogdorogeriogomes.com.br\/noticias\/wp-json\/wp\/v2\/posts\/7464\/revisions"}],"predecessor-version":[{"id":7466,"href":"https:\/\/blogdorogeriogomes.com.br\/noticias\/wp-json\/wp\/v2\/posts\/7464\/revisions\/7466"}],"wp:attachment":[{"href":"https:\/\/blogdorogeriogomes.com.br\/noticias\/wp-json\/wp\/v2\/media?parent=7464"}],"wp:term":[{"taxonomy":"category","embeddable":true,"href":"https:\/\/blogdorogeriogomes.com.br\/noticias\/wp-json\/wp\/v2\/categories?post=7464"},{"taxonomy":"post_tag","embeddable":true,"href":"https:\/\/blogdorogeriogomes.com.br\/noticias\/wp-json\/wp\/v2\/tags?post=7464"}],"curies":[{"name":"wp","href":"https:\/\/api.w.org\/{rel}","templated":true}]}}