{"id":7467,"date":"2017-11-30T08:43:43","date_gmt":"2017-11-30T08:43:43","guid":{"rendered":"http:\/\/blogdorogeriogomes.com.br\/?p=7467"},"modified":"2017-11-30T08:43:43","modified_gmt":"2017-11-30T08:43:43","slug":"camara-municipal-aprova-projetos-de-incentivo-a-deficientes-e-tambem-a-escola-publica","status":"publish","type":"post","link":"https:\/\/blogdorogeriogomes.com.br\/noticias\/2017\/11\/camara-municipal-aprova-projetos-de-incentivo-a-deficientes-e-tambem-a-escola-publica\/","title":{"rendered":"C\u00e2mara Municipal aprova projetos de incentivo a deficientes e tamb\u00e9m a escola p\u00fablica"},"content":{"rendered":"<p><img loading=\"lazy\" decoding=\"async\" class=\"alignnone size-medium wp-image-7243\" src=\"http:\/\/blogdorogeriogomes.com.br\/wp-content\/uploads\/2017\/11\/unnamed-300x201.jpg\" alt=\"unnamed\" width=\"300\" height=\"201\" srcset=\"https:\/\/blogdorogeriogomes.com.br\/noticias\/wp-content\/uploads\/2017\/11\/unnamed-300x201.jpg 300w, https:\/\/blogdorogeriogomes.com.br\/noticias\/wp-content\/uploads\/2017\/11\/unnamed.jpg 469w\" sizes=\"auto, (max-width: 300px) 100vw, 300px\" \/><\/p>\n<p><span style=\"font-weight: 400;\">Em busca de garantir mais recursos, a C\u00e2mara Municipal de Fortaleza aprovou duas mensagens que v\u00e3o garantir incentivo financeiro a pessoas com defici\u00eancia e \u00e0s escolas p\u00fablicas municipais.<\/span><\/p>\n<p><span style=\"font-weight: 400;\">O primeiro projeto, vindo do Executivo,prop\u00f5e a cria\u00e7\u00e3o de um Fundo Municipal para financiar pol\u00edticas voltadas para pessoas com defici\u00eancia. Os recursos s\u00e3o p\u00fablicos e de doa\u00e7\u00f5es privadas, al\u00e9m de conv\u00eanios nacionais e internacionais.<\/span><\/p>\n<p><span style=\"font-weight: 400;\">A outra mensagem, de autoria do vereador Didi Mangueira (PDT), cria o programa &#8220;Adote uma Escola&#8221;. O programa \u00e9 parecido com o de ado\u00e7\u00e3o de pra\u00e7as e \u00e1reas verdes por associa\u00e7\u00f5es e pelo setor privado, que j\u00e1 vigora na Capital. Em troca do apoio, a empresa poder\u00e1 explorar o espa\u00e7o da escola adotada para fins publicit\u00e1rios. No entanto, n\u00e3o pode interferir na administra\u00e7\u00e3o do estabelecimento de ensino que continua sob a responsabilidade da Prefeitura.<\/span><\/p>\n","protected":false},"excerpt":{"rendered":"<p>Em busca de garantir mais recursos, a C\u00e2mara Municipal de Fortaleza aprovou duas mensagens que v\u00e3o garantir incentivo financeiro a pessoas com defici\u00eancia e \u00e0s escolas p\u00fablicas municipais. O primeiro projeto, vindo do Executivo,prop\u00f5e a cria\u00e7\u00e3o de um Fundo Municipal para financiar pol\u00edticas voltadas para pessoas com defici\u00eancia. Os recursos s\u00e3o p\u00fablicos e de doa\u00e7\u00f5es privadas, al\u00e9m de conv\u00eanios nacionais e internacionais. A outra mensagem, de autoria do vereador Didi Mangueira (PDT), cria o programa &#8220;Adote uma Escola&#8221;. O&hellip;<\/p>\n","protected":false},"author":1,"featured_media":0,"comment_status":"open","ping_status":"open","sticky":false,"template":"","format":"standard","meta":{"footnotes":""},"categories":[1],"tags":[],"class_list":["post-7467","post","type-post","status-publish","format-standard","hentry","category-noticias"],"_links":{"self":[{"href":"https:\/\/blogdorogeriogomes.com.br\/noticias\/wp-json\/wp\/v2\/posts\/7467","targetHints":{"allow":["GET"]}}],"collection":[{"href":"https:\/\/blogdorogeriogomes.com.br\/noticias\/wp-json\/wp\/v2\/posts"}],"about":[{"href":"https:\/\/blogdorogeriogomes.com.br\/noticias\/wp-json\/wp\/v2\/types\/post"}],"author":[{"embeddable":true,"href":"https:\/\/blogdorogeriogomes.com.br\/noticias\/wp-json\/wp\/v2\/users\/1"}],"replies":[{"embeddable":true,"href":"https:\/\/blogdorogeriogomes.com.br\/noticias\/wp-json\/wp\/v2\/comments?post=7467"}],"version-history":[{"count":1,"href":"https:\/\/blogdorogeriogomes.com.br\/noticias\/wp-json\/wp\/v2\/posts\/7467\/revisions"}],"predecessor-version":[{"id":7468,"href":"https:\/\/blogdorogeriogomes.com.br\/noticias\/wp-json\/wp\/v2\/posts\/7467\/revisions\/7468"}],"wp:attachment":[{"href":"https:\/\/blogdorogeriogomes.com.br\/noticias\/wp-json\/wp\/v2\/media?parent=7467"}],"wp:term":[{"taxonomy":"category","embeddable":true,"href":"https:\/\/blogdorogeriogomes.com.br\/noticias\/wp-json\/wp\/v2\/categories?post=7467"},{"taxonomy":"post_tag","embeddable":true,"href":"https:\/\/blogdorogeriogomes.com.br\/noticias\/wp-json\/wp\/v2\/tags?post=7467"}],"curies":[{"name":"wp","href":"https:\/\/api.w.org\/{rel}","templated":true}]}}