{"id":7469,"date":"2017-11-30T11:17:04","date_gmt":"2017-11-30T11:17:04","guid":{"rendered":"http:\/\/blogdorogeriogomes.com.br\/?p=7469"},"modified":"2017-11-30T11:17:04","modified_gmt":"2017-11-30T11:17:04","slug":"josbertini-clementino-e-o-novo-presidente-do-conselho-estadual-do-trabalho","status":"publish","type":"post","link":"https:\/\/blogdorogeriogomes.com.br\/noticias\/2017\/11\/josbertini-clementino-e-o-novo-presidente-do-conselho-estadual-do-trabalho\/","title":{"rendered":"Josbertini Clementino \u00e9 o novo presidente do Conselho Estadual do Trabalho"},"content":{"rendered":"<p><img loading=\"lazy\" decoding=\"async\" class=\"alignnone size-medium wp-image-7472\" src=\"http:\/\/blogdorogeriogomes.com.br\/wp-content\/uploads\/2017\/11\/images-27-300x225.jpeg\" alt=\"images (27)\" width=\"300\" height=\"225\" \/><\/p>\n<p><span style=\"font-weight: 400;\">O secret\u00e1rio do Trabalho e Desenvolvimento Social do Cear\u00e1, Josbertini Clementino, foi empossado como novo presidente do Conselho Estadual do Trabalho. Ele vai ocupar a presid\u00eancia pelo per\u00edodo de 12 meses. Josbertini j\u00e1 presidiu o Conselho em 2014, portanto, retorna ao comando da casa.&#8221;\u00c9 uma satisfa\u00e7\u00e3o voltar a esse f\u00f3rum de discuss\u00f5es, onde teremos muito o que debater dentro do cen\u00e1rio em que estamos&#8221;, disse o novo presidente.<\/span><\/p>\n<p><span style=\"font-weight: 400;\">Segundo Josbertini, a pol\u00edtica de trabalho vem se enfraquecendo nos \u00faltimos anos \u201cVem perdendo terreno na quest\u00e3o do or\u00e7amento e deixando de ser protagonista. A nova legisla\u00e7\u00e3o trabalhista criou um cen\u00e1rio de mudan\u00e7as na rela\u00e7\u00e3o do trabalho. Esse ser\u00e1 um dos nossos focos nas discuss\u00f5es do Conselho&#8221;, afirmou.<\/span><\/p>\n","protected":false},"excerpt":{"rendered":"<p>O secret\u00e1rio do Trabalho e Desenvolvimento Social do Cear\u00e1, Josbertini Clementino, foi empossado como novo presidente do Conselho Estadual do Trabalho. Ele vai ocupar a presid\u00eancia pelo per\u00edodo de 12 meses. Josbertini j\u00e1 presidiu o Conselho em 2014, portanto, retorna ao comando da casa.&#8221;\u00c9 uma satisfa\u00e7\u00e3o voltar a esse f\u00f3rum de discuss\u00f5es, onde teremos muito o que debater dentro do cen\u00e1rio em que estamos&#8221;, disse o novo presidente. Segundo Josbertini, a pol\u00edtica de trabalho vem se enfraquecendo nos \u00faltimos&hellip;<\/p>\n","protected":false},"author":1,"featured_media":0,"comment_status":"open","ping_status":"open","sticky":false,"template":"","format":"standard","meta":{"footnotes":""},"categories":[1],"tags":[],"class_list":["post-7469","post","type-post","status-publish","format-standard","hentry","category-noticias"],"_links":{"self":[{"href":"https:\/\/blogdorogeriogomes.com.br\/noticias\/wp-json\/wp\/v2\/posts\/7469","targetHints":{"allow":["GET"]}}],"collection":[{"href":"https:\/\/blogdorogeriogomes.com.br\/noticias\/wp-json\/wp\/v2\/posts"}],"about":[{"href":"https:\/\/blogdorogeriogomes.com.br\/noticias\/wp-json\/wp\/v2\/types\/post"}],"author":[{"embeddable":true,"href":"https:\/\/blogdorogeriogomes.com.br\/noticias\/wp-json\/wp\/v2\/users\/1"}],"replies":[{"embeddable":true,"href":"https:\/\/blogdorogeriogomes.com.br\/noticias\/wp-json\/wp\/v2\/comments?post=7469"}],"version-history":[{"count":1,"href":"https:\/\/blogdorogeriogomes.com.br\/noticias\/wp-json\/wp\/v2\/posts\/7469\/revisions"}],"predecessor-version":[{"id":7473,"href":"https:\/\/blogdorogeriogomes.com.br\/noticias\/wp-json\/wp\/v2\/posts\/7469\/revisions\/7473"}],"wp:attachment":[{"href":"https:\/\/blogdorogeriogomes.com.br\/noticias\/wp-json\/wp\/v2\/media?parent=7469"}],"wp:term":[{"taxonomy":"category","embeddable":true,"href":"https:\/\/blogdorogeriogomes.com.br\/noticias\/wp-json\/wp\/v2\/categories?post=7469"},{"taxonomy":"post_tag","embeddable":true,"href":"https:\/\/blogdorogeriogomes.com.br\/noticias\/wp-json\/wp\/v2\/tags?post=7469"}],"curies":[{"name":"wp","href":"https:\/\/api.w.org\/{rel}","templated":true}]}}