{"id":7474,"date":"2017-11-30T19:55:21","date_gmt":"2017-11-30T19:55:21","guid":{"rendered":"http:\/\/blogdorogeriogomes.com.br\/?p=7474"},"modified":"2017-11-30T19:55:21","modified_gmt":"2017-11-30T19:55:21","slug":"pm-do-ceara-inicia-formacao-de-mais-1-372-policiais","status":"publish","type":"post","link":"https:\/\/blogdorogeriogomes.com.br\/noticias\/2017\/11\/pm-do-ceara-inicia-formacao-de-mais-1-372-policiais\/","title":{"rendered":"PM do Cear\u00e1 inicia forma\u00e7\u00e3o de mais 1.372 policiais"},"content":{"rendered":"<p><img loading=\"lazy\" decoding=\"async\" class=\"alignnone size-medium wp-image-7476\" src=\"http:\/\/blogdorogeriogomes.com.br\/wp-content\/uploads\/2017\/11\/images-28-300x200.jpeg\" alt=\"images (28)\" width=\"300\" height=\"200\" srcset=\"https:\/\/blogdorogeriogomes.com.br\/noticias\/wp-content\/uploads\/2017\/11\/images-28-300x200.jpeg 300w, https:\/\/blogdorogeriogomes.com.br\/noticias\/wp-content\/uploads\/2017\/11\/images-28.jpeg 470w\" sizes=\"auto, (max-width: 300px) 100vw, 300px\" \/><\/p>\n<p><span style=\"font-weight: 400;\">Uma aula inaugural marcou o in\u00edcio do curso preparat\u00f3rio para mais de 1.372 novos policiais militares, nesta quinta-feira, dia 30 de novembro, na Academia de Seguran\u00e7a P\u00fablica, em Fortaleza. Os aprovados comp\u00f5em a 3\u00aa turma do concurso p\u00fablico para ingresso na Pol\u00edcia Militar.<\/span><\/p>\n<p><span style=\"font-weight: 400;\">O concurso da PM foi realizado no ano passado para 4.200 vagas. Os primeiros 1.350 aprovados j\u00e1 est\u00e3o nas ruas e a segunda turma tem prova final programada para o pr\u00f3ximo domingo. A convoca\u00e7\u00e3o para come\u00e7ar a trabalhar ser\u00e1 em dezembro.<\/span><\/p>\n<p><span style=\"font-weight: 400;\">Para o secret\u00e1rio de Seguran\u00e7a P\u00fablica e Defesa Social, Andr\u00e9 Costa, \u00e9 preciso investir em melhor forma\u00e7\u00e3o do policial que vai \u00e0s ruas. \u201cPor isso, o Estado tamb\u00e9m tem feito o seu papel na compra de mais equipamentos e viaturas\u201d, disse.<\/span><\/p>\n","protected":false},"excerpt":{"rendered":"<p>Uma aula inaugural marcou o in\u00edcio do curso preparat\u00f3rio para mais de 1.372 novos policiais militares, nesta quinta-feira, dia 30 de novembro, na Academia de Seguran\u00e7a P\u00fablica, em Fortaleza. Os aprovados comp\u00f5em a 3\u00aa turma do concurso p\u00fablico para ingresso na Pol\u00edcia Militar. O concurso da PM foi realizado no ano passado para 4.200 vagas. Os primeiros 1.350 aprovados j\u00e1 est\u00e3o nas ruas e a segunda turma tem prova final programada para o pr\u00f3ximo domingo. A convoca\u00e7\u00e3o para come\u00e7ar&hellip;<\/p>\n","protected":false},"author":1,"featured_media":0,"comment_status":"open","ping_status":"open","sticky":false,"template":"","format":"standard","meta":{"footnotes":""},"categories":[1],"tags":[],"class_list":["post-7474","post","type-post","status-publish","format-standard","hentry","category-noticias"],"_links":{"self":[{"href":"https:\/\/blogdorogeriogomes.com.br\/noticias\/wp-json\/wp\/v2\/posts\/7474","targetHints":{"allow":["GET"]}}],"collection":[{"href":"https:\/\/blogdorogeriogomes.com.br\/noticias\/wp-json\/wp\/v2\/posts"}],"about":[{"href":"https:\/\/blogdorogeriogomes.com.br\/noticias\/wp-json\/wp\/v2\/types\/post"}],"author":[{"embeddable":true,"href":"https:\/\/blogdorogeriogomes.com.br\/noticias\/wp-json\/wp\/v2\/users\/1"}],"replies":[{"embeddable":true,"href":"https:\/\/blogdorogeriogomes.com.br\/noticias\/wp-json\/wp\/v2\/comments?post=7474"}],"version-history":[{"count":1,"href":"https:\/\/blogdorogeriogomes.com.br\/noticias\/wp-json\/wp\/v2\/posts\/7474\/revisions"}],"predecessor-version":[{"id":7477,"href":"https:\/\/blogdorogeriogomes.com.br\/noticias\/wp-json\/wp\/v2\/posts\/7474\/revisions\/7477"}],"wp:attachment":[{"href":"https:\/\/blogdorogeriogomes.com.br\/noticias\/wp-json\/wp\/v2\/media?parent=7474"}],"wp:term":[{"taxonomy":"category","embeddable":true,"href":"https:\/\/blogdorogeriogomes.com.br\/noticias\/wp-json\/wp\/v2\/categories?post=7474"},{"taxonomy":"post_tag","embeddable":true,"href":"https:\/\/blogdorogeriogomes.com.br\/noticias\/wp-json\/wp\/v2\/tags?post=7474"}],"curies":[{"name":"wp","href":"https:\/\/api.w.org\/{rel}","templated":true}]}}