{"id":7478,"date":"2017-11-30T23:00:40","date_gmt":"2017-11-30T23:00:40","guid":{"rendered":"http:\/\/blogdorogeriogomes.com.br\/?p=7478"},"modified":"2017-11-30T23:00:40","modified_gmt":"2017-11-30T23:00:40","slug":"governo-quer-mas-ainda-nao-tem-votos-para-aprovar-reforma-da-previdencia","status":"publish","type":"post","link":"https:\/\/blogdorogeriogomes.com.br\/noticias\/2017\/11\/governo-quer-mas-ainda-nao-tem-votos-para-aprovar-reforma-da-previdencia\/","title":{"rendered":"Governo quer, mas ainda n\u00e3o tem votos para aprovar Reforma da Previd\u00eancia"},"content":{"rendered":"<p><img loading=\"lazy\" decoding=\"async\" class=\"alignnone size-medium wp-image-7479\" src=\"http:\/\/blogdorogeriogomes.com.br\/wp-content\/uploads\/2017\/11\/images-29-300x200.jpeg\" alt=\"images (29)\" width=\"300\" height=\"200\" srcset=\"https:\/\/blogdorogeriogomes.com.br\/noticias\/wp-content\/uploads\/2017\/11\/images-29-300x200.jpeg 300w, https:\/\/blogdorogeriogomes.com.br\/noticias\/wp-content\/uploads\/2017\/11\/images-29.jpeg 470w\" sizes=\"auto, (max-width: 300px) 100vw, 300px\" \/><\/p>\n<p><span style=\"font-weight: 400;\">O Governo Federal bem que quer, mas ainda n\u00e3o tem votos suficientes para a aprovar a Reforma da Previd\u00eancia no Congresso Nacional. Quem afirma \u00e9 o presidente da C\u00e2mara dos Deputados, Rodrigo Maia, aliado de primeira hora de Michel Temer.<\/span><\/p>\n<p><span style=\"font-weight: 400;\">E qual a dificuldade? Temer n\u00e3o tem mais tanto recurso e cargos para agradar os parlamentares que buscam as vantagens em vota\u00e7\u00f5es pol\u00eamicas. Outra quest\u00e3o \u00e9 o preju\u00edzo pol\u00edtico em votar um projeto que corta direitos do trabalhador. Pr\u00f3ximo ano tem elei\u00e7\u00f5es. Qual \u00e9 o deputado que vai arriscar uma reelei\u00e7\u00e3o? S\u00e3o necess\u00e1rios pelo menos 308 votos para o projeto passar na C\u00e2mara.<\/span><\/p>\n<p><span style=\"font-weight: 400;\">E a Justi\u00e7a vai pra cima do Governo. A Federal do Distrito Federal decidiu que todas as pe\u00e7as de propaganda referentes \u00e0 reforma da Previd\u00eancia sejam suspensas &#8220;nas mais diversas m\u00eddias e suportes em que v\u00eam sendo publicadas&#8221;, sob pena de multa di\u00e1ria de R$ 50 mil. <\/span><\/p>\n","protected":false},"excerpt":{"rendered":"<p>O Governo Federal bem que quer, mas ainda n\u00e3o tem votos suficientes para a aprovar a Reforma da Previd\u00eancia no Congresso Nacional. Quem afirma \u00e9 o presidente da C\u00e2mara dos Deputados, Rodrigo Maia, aliado de primeira hora de Michel Temer. E qual a dificuldade? Temer n\u00e3o tem mais tanto recurso e cargos para agradar os parlamentares que buscam as vantagens em vota\u00e7\u00f5es pol\u00eamicas. Outra quest\u00e3o \u00e9 o preju\u00edzo pol\u00edtico em votar um projeto que corta direitos do trabalhador. Pr\u00f3ximo&hellip;<\/p>\n","protected":false},"author":1,"featured_media":0,"comment_status":"open","ping_status":"open","sticky":false,"template":"","format":"standard","meta":{"footnotes":""},"categories":[1],"tags":[],"class_list":["post-7478","post","type-post","status-publish","format-standard","hentry","category-noticias"],"_links":{"self":[{"href":"https:\/\/blogdorogeriogomes.com.br\/noticias\/wp-json\/wp\/v2\/posts\/7478","targetHints":{"allow":["GET"]}}],"collection":[{"href":"https:\/\/blogdorogeriogomes.com.br\/noticias\/wp-json\/wp\/v2\/posts"}],"about":[{"href":"https:\/\/blogdorogeriogomes.com.br\/noticias\/wp-json\/wp\/v2\/types\/post"}],"author":[{"embeddable":true,"href":"https:\/\/blogdorogeriogomes.com.br\/noticias\/wp-json\/wp\/v2\/users\/1"}],"replies":[{"embeddable":true,"href":"https:\/\/blogdorogeriogomes.com.br\/noticias\/wp-json\/wp\/v2\/comments?post=7478"}],"version-history":[{"count":1,"href":"https:\/\/blogdorogeriogomes.com.br\/noticias\/wp-json\/wp\/v2\/posts\/7478\/revisions"}],"predecessor-version":[{"id":7480,"href":"https:\/\/blogdorogeriogomes.com.br\/noticias\/wp-json\/wp\/v2\/posts\/7478\/revisions\/7480"}],"wp:attachment":[{"href":"https:\/\/blogdorogeriogomes.com.br\/noticias\/wp-json\/wp\/v2\/media?parent=7478"}],"wp:term":[{"taxonomy":"category","embeddable":true,"href":"https:\/\/blogdorogeriogomes.com.br\/noticias\/wp-json\/wp\/v2\/categories?post=7478"},{"taxonomy":"post_tag","embeddable":true,"href":"https:\/\/blogdorogeriogomes.com.br\/noticias\/wp-json\/wp\/v2\/tags?post=7478"}],"curies":[{"name":"wp","href":"https:\/\/api.w.org\/{rel}","templated":true}]}}