{"id":7485,"date":"2017-12-01T10:37:13","date_gmt":"2017-12-01T10:37:13","guid":{"rendered":"http:\/\/blogdorogeriogomes.com.br\/?p=7485"},"modified":"2017-12-01T10:37:13","modified_gmt":"2017-12-01T10:37:13","slug":"adece-traca-cenario-promissor-quanto-a-novos-postos-de-trabalho-no-ceara","status":"publish","type":"post","link":"https:\/\/blogdorogeriogomes.com.br\/noticias\/2017\/12\/adece-traca-cenario-promissor-quanto-a-novos-postos-de-trabalho-no-ceara\/","title":{"rendered":"Adece tra\u00e7a cen\u00e1rio promissor quanto a novos postos de trabalho no Cear\u00e1"},"content":{"rendered":"<p><img loading=\"lazy\" decoding=\"async\" class=\"alignnone size-medium wp-image-7486\" src=\"http:\/\/blogdorogeriogomes.com.br\/wp-content\/uploads\/2017\/12\/IMG_20171201_073649_833-300x230.jpg\" alt=\"IMG_20171201_073649_833\" width=\"300\" height=\"230\" srcset=\"https:\/\/blogdorogeriogomes.com.br\/noticias\/wp-content\/uploads\/2017\/12\/IMG_20171201_073649_833-300x230.jpg 300w, https:\/\/blogdorogeriogomes.com.br\/noticias\/wp-content\/uploads\/2017\/12\/IMG_20171201_073649_833.jpg 438w\" sizes=\"auto, (max-width: 300px) 100vw, 300px\" \/><\/p>\n<p><span style=\"font-weight: 400;\">A presidente da Ag\u00eancia de Desenvolvimento do Estado do Cear\u00e1 (Adece), Nicolle Barbosa, est\u00e1 otimista. Ela diz que a ag\u00eancia negocia com 32 novas empresas para se instalarem no Cear\u00e1 em 2018, o que pode gerar novas perspectivas de trabalho para os cearenses. \u201cTorcemos que pelo menos 15 se instalem aqui\u201d, disse.<\/span><\/p>\n<p><span style=\"font-weight: 400;\">Nicolle tem conversado com empres\u00e1rios do setor de cal\u00e7ados, confec\u00e7\u00e3o, metal-mec\u00e2nico e t\u00eaxtil.<\/span><\/p>\n<p><span style=\"font-weight: 400;\">A capta\u00e7\u00e3o de novos postos de trabalho, segundo Nicolle, faz parte de miss\u00f5es que a Adece fez ao Sul do Pa\u00eds em busca de investidores. A Adece comemora 10 anos de cria\u00e7\u00e3o.<\/span><\/p>\n","protected":false},"excerpt":{"rendered":"<p>A presidente da Ag\u00eancia de Desenvolvimento do Estado do Cear\u00e1 (Adece), Nicolle Barbosa, est\u00e1 otimista. Ela diz que a ag\u00eancia negocia com 32 novas empresas para se instalarem no Cear\u00e1 em 2018, o que pode gerar novas perspectivas de trabalho para os cearenses. \u201cTorcemos que pelo menos 15 se instalem aqui\u201d, disse. Nicolle tem conversado com empres\u00e1rios do setor de cal\u00e7ados, confec\u00e7\u00e3o, metal-mec\u00e2nico e t\u00eaxtil. A capta\u00e7\u00e3o de novos postos de trabalho, segundo Nicolle, faz parte de miss\u00f5es que&hellip;<\/p>\n","protected":false},"author":1,"featured_media":0,"comment_status":"open","ping_status":"open","sticky":false,"template":"","format":"standard","meta":{"footnotes":""},"categories":[1],"tags":[],"class_list":["post-7485","post","type-post","status-publish","format-standard","hentry","category-noticias"],"_links":{"self":[{"href":"https:\/\/blogdorogeriogomes.com.br\/noticias\/wp-json\/wp\/v2\/posts\/7485","targetHints":{"allow":["GET"]}}],"collection":[{"href":"https:\/\/blogdorogeriogomes.com.br\/noticias\/wp-json\/wp\/v2\/posts"}],"about":[{"href":"https:\/\/blogdorogeriogomes.com.br\/noticias\/wp-json\/wp\/v2\/types\/post"}],"author":[{"embeddable":true,"href":"https:\/\/blogdorogeriogomes.com.br\/noticias\/wp-json\/wp\/v2\/users\/1"}],"replies":[{"embeddable":true,"href":"https:\/\/blogdorogeriogomes.com.br\/noticias\/wp-json\/wp\/v2\/comments?post=7485"}],"version-history":[{"count":1,"href":"https:\/\/blogdorogeriogomes.com.br\/noticias\/wp-json\/wp\/v2\/posts\/7485\/revisions"}],"predecessor-version":[{"id":7487,"href":"https:\/\/blogdorogeriogomes.com.br\/noticias\/wp-json\/wp\/v2\/posts\/7485\/revisions\/7487"}],"wp:attachment":[{"href":"https:\/\/blogdorogeriogomes.com.br\/noticias\/wp-json\/wp\/v2\/media?parent=7485"}],"wp:term":[{"taxonomy":"category","embeddable":true,"href":"https:\/\/blogdorogeriogomes.com.br\/noticias\/wp-json\/wp\/v2\/categories?post=7485"},{"taxonomy":"post_tag","embeddable":true,"href":"https:\/\/blogdorogeriogomes.com.br\/noticias\/wp-json\/wp\/v2\/tags?post=7485"}],"curies":[{"name":"wp","href":"https:\/\/api.w.org\/{rel}","templated":true}]}}