{"id":7488,"date":"2017-12-02T10:10:53","date_gmt":"2017-12-02T10:10:53","guid":{"rendered":"http:\/\/blogdorogeriogomes.com.br\/?p=7488"},"modified":"2017-12-02T10:10:53","modified_gmt":"2017-12-02T10:10:53","slug":"camilo-e-eunicio-participam-de-eventos-em-limoeiro-do-norte-e-crato","status":"publish","type":"post","link":"https:\/\/blogdorogeriogomes.com.br\/noticias\/2017\/12\/camilo-e-eunicio-participam-de-eventos-em-limoeiro-do-norte-e-crato\/","title":{"rendered":"Camilo e Eun\u00edcio participam de eventos em Limoeiro do Norte e Crato"},"content":{"rendered":"<p><img loading=\"lazy\" decoding=\"async\" class=\"alignnone size-medium wp-image-7492\" src=\"http:\/\/blogdorogeriogomes.com.br\/wp-content\/uploads\/2017\/12\/IMG-20171201-WA0132-300x225.jpg\" alt=\"IMG-20171201-WA0132\" width=\"300\" height=\"225\" srcset=\"https:\/\/blogdorogeriogomes.com.br\/noticias\/wp-content\/uploads\/2017\/12\/IMG-20171201-WA0132-300x225.jpg 300w, https:\/\/blogdorogeriogomes.com.br\/noticias\/wp-content\/uploads\/2017\/12\/IMG-20171201-WA0132-768x576.jpg 768w, https:\/\/blogdorogeriogomes.com.br\/noticias\/wp-content\/uploads\/2017\/12\/IMG-20171201-WA0132-1024x768.jpg 1024w, https:\/\/blogdorogeriogomes.com.br\/noticias\/wp-content\/uploads\/2017\/12\/IMG-20171201-WA0132.jpg 1040w\" sizes=\"auto, (max-width: 300px) 100vw, 300px\" \/><\/p>\n<p><span style=\"font-weight: 400;\">A parceria entre o governador Camilo Santana e o presidente do Senado, Eun\u00edcio Oliveira, ganha ares de campanha eleitoral pelo interior do Cear\u00e1. Neste fim de semana, foram dois eventos juntos nas cidades de Limoeiro do Norte e Crato.<\/span><\/p>\n<p><span style=\"font-weight: 400;\">Em Limoeiro, na sexta-feira, dia 1\u00b0 de dezembro, os dois participaram da solenidade de assinatura da ordem de servi\u00e7o para constru\u00e7\u00e3o do Hospital Regional do Vale do Jaguaribe, que ser\u00e1 instalado no munic\u00edpio da Regi\u00e3o Jaguaribana.<\/span><\/p>\n<p><span style=\"font-weight: 400;\">Durante o evento, Eun\u00edcio voltou a manifestar a possibilidade de se aliar a Camilo nas elei\u00e7\u00f5es de 2018. O governador disse ainda ser cedo para tratar do pleito.<\/span><\/p>\n<p><span style=\"font-weight: 400;\">Neste s\u00e1bado, dia 2 de dezembro, Eun\u00edcio Oliveira e Camilo Santana entregam moradias do Programa Federal Minha Casa, Minha Vida, na cidade do Crato, na Regi\u00e3o do Cariri.<\/span><\/p>\n","protected":false},"excerpt":{"rendered":"<p>A parceria entre o governador Camilo Santana e o presidente do Senado, Eun\u00edcio Oliveira, ganha ares de campanha eleitoral pelo interior do Cear\u00e1. Neste fim de semana, foram dois eventos juntos nas cidades de Limoeiro do Norte e Crato. Em Limoeiro, na sexta-feira, dia 1\u00b0 de dezembro, os dois participaram da solenidade de assinatura da ordem de servi\u00e7o para constru\u00e7\u00e3o do Hospital Regional do Vale do Jaguaribe, que ser\u00e1 instalado no munic\u00edpio da Regi\u00e3o Jaguaribana. Durante o evento, Eun\u00edcio&hellip;<\/p>\n","protected":false},"author":1,"featured_media":0,"comment_status":"open","ping_status":"open","sticky":false,"template":"","format":"standard","meta":{"footnotes":""},"categories":[1],"tags":[],"class_list":["post-7488","post","type-post","status-publish","format-standard","hentry","category-noticias"],"_links":{"self":[{"href":"https:\/\/blogdorogeriogomes.com.br\/noticias\/wp-json\/wp\/v2\/posts\/7488","targetHints":{"allow":["GET"]}}],"collection":[{"href":"https:\/\/blogdorogeriogomes.com.br\/noticias\/wp-json\/wp\/v2\/posts"}],"about":[{"href":"https:\/\/blogdorogeriogomes.com.br\/noticias\/wp-json\/wp\/v2\/types\/post"}],"author":[{"embeddable":true,"href":"https:\/\/blogdorogeriogomes.com.br\/noticias\/wp-json\/wp\/v2\/users\/1"}],"replies":[{"embeddable":true,"href":"https:\/\/blogdorogeriogomes.com.br\/noticias\/wp-json\/wp\/v2\/comments?post=7488"}],"version-history":[{"count":1,"href":"https:\/\/blogdorogeriogomes.com.br\/noticias\/wp-json\/wp\/v2\/posts\/7488\/revisions"}],"predecessor-version":[{"id":7493,"href":"https:\/\/blogdorogeriogomes.com.br\/noticias\/wp-json\/wp\/v2\/posts\/7488\/revisions\/7493"}],"wp:attachment":[{"href":"https:\/\/blogdorogeriogomes.com.br\/noticias\/wp-json\/wp\/v2\/media?parent=7488"}],"wp:term":[{"taxonomy":"category","embeddable":true,"href":"https:\/\/blogdorogeriogomes.com.br\/noticias\/wp-json\/wp\/v2\/categories?post=7488"},{"taxonomy":"post_tag","embeddable":true,"href":"https:\/\/blogdorogeriogomes.com.br\/noticias\/wp-json\/wp\/v2\/tags?post=7488"}],"curies":[{"name":"wp","href":"https:\/\/api.w.org\/{rel}","templated":true}]}}