{"id":7494,"date":"2017-12-02T10:18:18","date_gmt":"2017-12-02T10:18:18","guid":{"rendered":"http:\/\/blogdorogeriogomes.com.br\/?p=7494"},"modified":"2017-12-02T10:18:18","modified_gmt":"2017-12-02T10:18:18","slug":"gilmar-mendes-libera-do-rei-do-onibus-pela-terceira-vez","status":"publish","type":"post","link":"https:\/\/blogdorogeriogomes.com.br\/noticias\/2017\/12\/gilmar-mendes-libera-do-rei-do-onibus-pela-terceira-vez\/","title":{"rendered":"Gilmar Mendes libera do \u201cRei do \u00d4nibus\u201d pela terceira vez"},"content":{"rendered":"<p><img loading=\"lazy\" decoding=\"async\" class=\"alignnone size-medium wp-image-7495\" src=\"http:\/\/blogdorogeriogomes.com.br\/wp-content\/uploads\/2017\/12\/images-300x228.jpeg\" alt=\"images\" width=\"300\" height=\"228\" srcset=\"https:\/\/blogdorogeriogomes.com.br\/noticias\/wp-content\/uploads\/2017\/12\/images-300x228.jpeg 300w, https:\/\/blogdorogeriogomes.com.br\/noticias\/wp-content\/uploads\/2017\/12\/images.jpeg 440w\" sizes=\"auto, (max-width: 300px) 100vw, 300px\" \/><\/p>\n<p><span style=\"font-weight: 400;\">A farra de habeas corpus do ministro Gilmar Mendes, do Supremo Tribunal Federal (STF), continua. Pela terceira vez, ele mandou soltar outra vez o empres\u00e1rio Jacob Barata Filho, o &#8220;Rei do \u00f4nibus&#8221;. Gilmar acolheu pedido de habeas corpus da defesa de Barata e revogou decretos de pris\u00e3o preventiva que pesavam contra ele.<\/span><\/p>\n<p><span style=\"font-weight: 400;\">Em outra decis\u00e3o, o ministro tamb\u00e9m revogou a ordem de pris\u00e3o do ex-presidente da Federa\u00e7\u00e3o das Empresas de Transportes de Passageiros do Estado do Rio de Janeiro, L\u00e9lis Marcos Teixeira.<\/span><span style=\"font-weight: 400;\"><br \/>\n<\/span><\/p>\n","protected":false},"excerpt":{"rendered":"<p>A farra de habeas corpus do ministro Gilmar Mendes, do Supremo Tribunal Federal (STF), continua. Pela terceira vez, ele mandou soltar outra vez o empres\u00e1rio Jacob Barata Filho, o &#8220;Rei do \u00f4nibus&#8221;. Gilmar acolheu pedido de habeas corpus da defesa de Barata e revogou decretos de pris\u00e3o preventiva que pesavam contra ele. Em outra decis\u00e3o, o ministro tamb\u00e9m revogou a ordem de pris\u00e3o do ex-presidente da Federa\u00e7\u00e3o das Empresas de Transportes de Passageiros do Estado do Rio de Janeiro,&hellip;<\/p>\n","protected":false},"author":1,"featured_media":0,"comment_status":"open","ping_status":"open","sticky":false,"template":"","format":"standard","meta":{"footnotes":""},"categories":[1],"tags":[],"class_list":["post-7494","post","type-post","status-publish","format-standard","hentry","category-noticias"],"_links":{"self":[{"href":"https:\/\/blogdorogeriogomes.com.br\/noticias\/wp-json\/wp\/v2\/posts\/7494","targetHints":{"allow":["GET"]}}],"collection":[{"href":"https:\/\/blogdorogeriogomes.com.br\/noticias\/wp-json\/wp\/v2\/posts"}],"about":[{"href":"https:\/\/blogdorogeriogomes.com.br\/noticias\/wp-json\/wp\/v2\/types\/post"}],"author":[{"embeddable":true,"href":"https:\/\/blogdorogeriogomes.com.br\/noticias\/wp-json\/wp\/v2\/users\/1"}],"replies":[{"embeddable":true,"href":"https:\/\/blogdorogeriogomes.com.br\/noticias\/wp-json\/wp\/v2\/comments?post=7494"}],"version-history":[{"count":1,"href":"https:\/\/blogdorogeriogomes.com.br\/noticias\/wp-json\/wp\/v2\/posts\/7494\/revisions"}],"predecessor-version":[{"id":7496,"href":"https:\/\/blogdorogeriogomes.com.br\/noticias\/wp-json\/wp\/v2\/posts\/7494\/revisions\/7496"}],"wp:attachment":[{"href":"https:\/\/blogdorogeriogomes.com.br\/noticias\/wp-json\/wp\/v2\/media?parent=7494"}],"wp:term":[{"taxonomy":"category","embeddable":true,"href":"https:\/\/blogdorogeriogomes.com.br\/noticias\/wp-json\/wp\/v2\/categories?post=7494"},{"taxonomy":"post_tag","embeddable":true,"href":"https:\/\/blogdorogeriogomes.com.br\/noticias\/wp-json\/wp\/v2\/tags?post=7494"}],"curies":[{"name":"wp","href":"https:\/\/api.w.org\/{rel}","templated":true}]}}