{"id":7500,"date":"2017-12-04T09:06:02","date_gmt":"2017-12-04T09:06:02","guid":{"rendered":"http:\/\/blogdorogeriogomes.com.br\/?p=7500"},"modified":"2017-12-04T09:06:02","modified_gmt":"2017-12-04T09:06:02","slug":"orcamento-da-capital-deve-ser-votado-em-comissao-da-cmf-nesta-segunda-feira","status":"publish","type":"post","link":"https:\/\/blogdorogeriogomes.com.br\/noticias\/2017\/12\/orcamento-da-capital-deve-ser-votado-em-comissao-da-cmf-nesta-segunda-feira\/","title":{"rendered":"Or\u00e7amento da Capital deve ser votado em Comiss\u00e3o da CMF nesta segunda-feira"},"content":{"rendered":"<p><img loading=\"lazy\" decoding=\"async\" class=\"alignnone size-medium wp-image-7501\" src=\"http:\/\/blogdorogeriogomes.com.br\/wp-content\/uploads\/2017\/12\/images-3-300x234.jpeg\" alt=\"images (3)\" width=\"300\" height=\"234\" srcset=\"https:\/\/blogdorogeriogomes.com.br\/noticias\/wp-content\/uploads\/2017\/12\/images-3-300x234.jpeg 300w, https:\/\/blogdorogeriogomes.com.br\/noticias\/wp-content\/uploads\/2017\/12\/images-3.jpeg 434w\" sizes=\"auto, (max-width: 300px) 100vw, 300px\" \/><\/p>\n<p><span style=\"font-weight: 400;\">A Comiss\u00e3o Conjunta de Legisla\u00e7\u00e3o e Or\u00e7amento da C\u00e2mara Municipal de Fortaleza deve votar nesta segunda-feira, dia 4 de dezembro, o or\u00e7amento de Fortaleza para 2018. \u00a0O projeto do Executivo deve ser lido no plen\u00e1rio da Casa j\u00e1 nesta ter\u00e7a-feira, dia 5. O relator do or\u00e7amento da Capital \u00e9 o vereador<\/span><span style=\"font-size: 0.8rem;\">\u00a0Iraguassu Filho (PDT), que promoveu duas audi\u00eancias p\u00fablicas na semana passada para discutir a pe\u00e7a or\u00e7ament\u00e1ria, que deve ainda acolher sugest\u00f5es de outros parlamentares.<\/span><\/p>\n","protected":false},"excerpt":{"rendered":"<p>A Comiss\u00e3o Conjunta de Legisla\u00e7\u00e3o e Or\u00e7amento da C\u00e2mara Municipal de Fortaleza deve votar nesta segunda-feira, dia 4 de dezembro, o or\u00e7amento de Fortaleza para 2018. \u00a0O projeto do Executivo deve ser lido no plen\u00e1rio da Casa j\u00e1 nesta ter\u00e7a-feira, dia 5. O relator do or\u00e7amento da Capital \u00e9 o vereador\u00a0Iraguassu Filho (PDT), que promoveu duas audi\u00eancias p\u00fablicas na semana passada para discutir a pe\u00e7a or\u00e7ament\u00e1ria, que deve ainda acolher sugest\u00f5es de outros parlamentares.<\/p>\n","protected":false},"author":1,"featured_media":0,"comment_status":"open","ping_status":"open","sticky":false,"template":"","format":"standard","meta":{"footnotes":""},"categories":[1],"tags":[],"class_list":["post-7500","post","type-post","status-publish","format-standard","hentry","category-noticias"],"_links":{"self":[{"href":"https:\/\/blogdorogeriogomes.com.br\/noticias\/wp-json\/wp\/v2\/posts\/7500","targetHints":{"allow":["GET"]}}],"collection":[{"href":"https:\/\/blogdorogeriogomes.com.br\/noticias\/wp-json\/wp\/v2\/posts"}],"about":[{"href":"https:\/\/blogdorogeriogomes.com.br\/noticias\/wp-json\/wp\/v2\/types\/post"}],"author":[{"embeddable":true,"href":"https:\/\/blogdorogeriogomes.com.br\/noticias\/wp-json\/wp\/v2\/users\/1"}],"replies":[{"embeddable":true,"href":"https:\/\/blogdorogeriogomes.com.br\/noticias\/wp-json\/wp\/v2\/comments?post=7500"}],"version-history":[{"count":1,"href":"https:\/\/blogdorogeriogomes.com.br\/noticias\/wp-json\/wp\/v2\/posts\/7500\/revisions"}],"predecessor-version":[{"id":7502,"href":"https:\/\/blogdorogeriogomes.com.br\/noticias\/wp-json\/wp\/v2\/posts\/7500\/revisions\/7502"}],"wp:attachment":[{"href":"https:\/\/blogdorogeriogomes.com.br\/noticias\/wp-json\/wp\/v2\/media?parent=7500"}],"wp:term":[{"taxonomy":"category","embeddable":true,"href":"https:\/\/blogdorogeriogomes.com.br\/noticias\/wp-json\/wp\/v2\/categories?post=7500"},{"taxonomy":"post_tag","embeddable":true,"href":"https:\/\/blogdorogeriogomes.com.br\/noticias\/wp-json\/wp\/v2\/tags?post=7500"}],"curies":[{"name":"wp","href":"https:\/\/api.w.org\/{rel}","templated":true}]}}