{"id":7503,"date":"2017-12-04T09:08:21","date_gmt":"2017-12-04T09:08:21","guid":{"rendered":"http:\/\/blogdorogeriogomes.com.br\/?p=7503"},"modified":"2017-12-04T09:08:21","modified_gmt":"2017-12-04T09:08:21","slug":"temer-e-maia-dao-ultima-cartada-para-votar-reforma-da-previdencia-ainda-em-dezembro","status":"publish","type":"post","link":"https:\/\/blogdorogeriogomes.com.br\/noticias\/2017\/12\/temer-e-maia-dao-ultima-cartada-para-votar-reforma-da-previdencia-ainda-em-dezembro\/","title":{"rendered":"Temer e Maia d\u00e3o \u00faltima cartada para votar Reforma da Previd\u00eancia ainda em dezembro"},"content":{"rendered":"<p><span style=\"font-weight: 400;\"><img loading=\"lazy\" decoding=\"async\" class=\"alignnone size-medium wp-image-7504\" src=\"http:\/\/blogdorogeriogomes.com.br\/wp-content\/uploads\/2017\/12\/images-2-300x200.jpeg\" alt=\"images (2)\" width=\"300\" height=\"200\" srcset=\"https:\/\/blogdorogeriogomes.com.br\/noticias\/wp-content\/uploads\/2017\/12\/images-2-300x200.jpeg 300w, https:\/\/blogdorogeriogomes.com.br\/noticias\/wp-content\/uploads\/2017\/12\/images-2.jpeg 470w\" sizes=\"auto, (max-width: 300px) 100vw, 300px\" \/><\/span><span style=\"font-weight: 400;\">O tempo \u00e9 curto, mas o Governo joga as \u00faltimas fichas esta semana para votar Reforma da Previd\u00eancia ainda em dezembro. A estrat\u00e9gia foi definida num jantar articulado pelo presidente da C\u00e2mara dos Deputados, Rodrigo Maia neste domingo, dia 3 de dezembro, que teve a presen\u00e7a do presidente Temer, de ministros, deputados e presidentes de partidos aliados do governo, como DEM, PP, PTB, PSC, PSDB e PRB.<\/span><\/p>\n<p><span style=\"font-weight: 400;\">Por se tratar de uma emenda \u00e0 Constitui\u00e7\u00e3o, a reforma da Previd\u00eancia exige ao menos 308 votos e duas vota\u00e7\u00f5es na C\u00e2mara. A \u00faltima investida de Temer tenta viabilizar a an\u00e1lise do texto para a pr\u00f3xima semana, entre os dias 12 e 14 de dezembro.<\/span><\/p>\n<p><span style=\"font-weight: 400;\">Enquanto n\u00e3o vota a proposta de reforma da Previd\u00eancia Social, o Congresso Nacional dever\u00e1 analisar nesta semana projetos que tratam do casamento entre pessoas do mesmo sexo e do aborto.<\/span><\/p>\n","protected":false},"excerpt":{"rendered":"<p>O tempo \u00e9 curto, mas o Governo joga as \u00faltimas fichas esta semana para votar Reforma da Previd\u00eancia ainda em dezembro. A estrat\u00e9gia foi definida num jantar articulado pelo presidente da C\u00e2mara dos Deputados, Rodrigo Maia neste domingo, dia 3 de dezembro, que teve a presen\u00e7a do presidente Temer, de ministros, deputados e presidentes de partidos aliados do governo, como DEM, PP, PTB, PSC, PSDB e PRB. Por se tratar de uma emenda \u00e0 Constitui\u00e7\u00e3o, a reforma da Previd\u00eancia&hellip;<\/p>\n","protected":false},"author":1,"featured_media":0,"comment_status":"open","ping_status":"open","sticky":false,"template":"","format":"standard","meta":{"footnotes":""},"categories":[1],"tags":[],"class_list":["post-7503","post","type-post","status-publish","format-standard","hentry","category-noticias"],"_links":{"self":[{"href":"https:\/\/blogdorogeriogomes.com.br\/noticias\/wp-json\/wp\/v2\/posts\/7503","targetHints":{"allow":["GET"]}}],"collection":[{"href":"https:\/\/blogdorogeriogomes.com.br\/noticias\/wp-json\/wp\/v2\/posts"}],"about":[{"href":"https:\/\/blogdorogeriogomes.com.br\/noticias\/wp-json\/wp\/v2\/types\/post"}],"author":[{"embeddable":true,"href":"https:\/\/blogdorogeriogomes.com.br\/noticias\/wp-json\/wp\/v2\/users\/1"}],"replies":[{"embeddable":true,"href":"https:\/\/blogdorogeriogomes.com.br\/noticias\/wp-json\/wp\/v2\/comments?post=7503"}],"version-history":[{"count":1,"href":"https:\/\/blogdorogeriogomes.com.br\/noticias\/wp-json\/wp\/v2\/posts\/7503\/revisions"}],"predecessor-version":[{"id":7505,"href":"https:\/\/blogdorogeriogomes.com.br\/noticias\/wp-json\/wp\/v2\/posts\/7503\/revisions\/7505"}],"wp:attachment":[{"href":"https:\/\/blogdorogeriogomes.com.br\/noticias\/wp-json\/wp\/v2\/media?parent=7503"}],"wp:term":[{"taxonomy":"category","embeddable":true,"href":"https:\/\/blogdorogeriogomes.com.br\/noticias\/wp-json\/wp\/v2\/categories?post=7503"},{"taxonomy":"post_tag","embeddable":true,"href":"https:\/\/blogdorogeriogomes.com.br\/noticias\/wp-json\/wp\/v2\/tags?post=7503"}],"curies":[{"name":"wp","href":"https:\/\/api.w.org\/{rel}","templated":true}]}}