{"id":7506,"date":"2017-12-04T21:12:02","date_gmt":"2017-12-04T21:12:02","guid":{"rendered":"http:\/\/blogdorogeriogomes.com.br\/?p=7506"},"modified":"2017-12-04T21:12:02","modified_gmt":"2017-12-04T21:12:02","slug":"pf-vai-treinar-guardas-municipais-de-fortaleza-para-uso-de-armas-de-fogo","status":"publish","type":"post","link":"https:\/\/blogdorogeriogomes.com.br\/noticias\/2017\/12\/pf-vai-treinar-guardas-municipais-de-fortaleza-para-uso-de-armas-de-fogo\/","title":{"rendered":"PF vai treinar guardas municipais de Fortaleza para uso de armas de fogo"},"content":{"rendered":"<p><img loading=\"lazy\" decoding=\"async\" class=\"alignnone size-medium wp-image-7507\" src=\"http:\/\/blogdorogeriogomes.com.br\/wp-content\/uploads\/2017\/12\/image-300x200.jpg\" alt=\"image\" width=\"300\" height=\"200\" srcset=\"https:\/\/blogdorogeriogomes.com.br\/noticias\/wp-content\/uploads\/2017\/12\/image-300x200.jpg 300w, https:\/\/blogdorogeriogomes.com.br\/noticias\/wp-content\/uploads\/2017\/12\/image.jpg 310w\" sizes=\"auto, (max-width: 300px) 100vw, 300px\" \/><\/p>\n<p><span style=\"font-weight: 400;\">A reivindica\u00e7\u00e3o \u00e9 antiga. Agora, finalmente, guardas municipais de Fortaleza v\u00e3o receber treinamento da Pol\u00edcia Federal para o uso de armas de fogo. O conv\u00eanio foi assinado pelo vice-prefeito Moroni Torgan e o superintendente da Pol\u00edcia Federal no Cear\u00e1, Delano Bunn.<\/span><\/p>\n<p><span style=\"font-weight: 400;\">No total, 116 guardas municipais do Grupo de Opera\u00e7\u00f5es Especiais (GOE) ser\u00e3o capacitados para atuar nas ruas da Capital com armamento, a partir de 12 de janeiro do pr\u00f3ximo ano. Ser\u00e3o 100 horas de aulas para os guardas municipais de Fortaleza.<\/span><\/p>\n","protected":false},"excerpt":{"rendered":"<p>A reivindica\u00e7\u00e3o \u00e9 antiga. Agora, finalmente, guardas municipais de Fortaleza v\u00e3o receber treinamento da Pol\u00edcia Federal para o uso de armas de fogo. O conv\u00eanio foi assinado pelo vice-prefeito Moroni Torgan e o superintendente da Pol\u00edcia Federal no Cear\u00e1, Delano Bunn. No total, 116 guardas municipais do Grupo de Opera\u00e7\u00f5es Especiais (GOE) ser\u00e3o capacitados para atuar nas ruas da Capital com armamento, a partir de 12 de janeiro do pr\u00f3ximo ano. Ser\u00e3o 100 horas de aulas para os guardas&hellip;<\/p>\n","protected":false},"author":1,"featured_media":0,"comment_status":"open","ping_status":"open","sticky":false,"template":"","format":"standard","meta":{"footnotes":""},"categories":[1],"tags":[],"class_list":["post-7506","post","type-post","status-publish","format-standard","hentry","category-noticias"],"_links":{"self":[{"href":"https:\/\/blogdorogeriogomes.com.br\/noticias\/wp-json\/wp\/v2\/posts\/7506","targetHints":{"allow":["GET"]}}],"collection":[{"href":"https:\/\/blogdorogeriogomes.com.br\/noticias\/wp-json\/wp\/v2\/posts"}],"about":[{"href":"https:\/\/blogdorogeriogomes.com.br\/noticias\/wp-json\/wp\/v2\/types\/post"}],"author":[{"embeddable":true,"href":"https:\/\/blogdorogeriogomes.com.br\/noticias\/wp-json\/wp\/v2\/users\/1"}],"replies":[{"embeddable":true,"href":"https:\/\/blogdorogeriogomes.com.br\/noticias\/wp-json\/wp\/v2\/comments?post=7506"}],"version-history":[{"count":1,"href":"https:\/\/blogdorogeriogomes.com.br\/noticias\/wp-json\/wp\/v2\/posts\/7506\/revisions"}],"predecessor-version":[{"id":7508,"href":"https:\/\/blogdorogeriogomes.com.br\/noticias\/wp-json\/wp\/v2\/posts\/7506\/revisions\/7508"}],"wp:attachment":[{"href":"https:\/\/blogdorogeriogomes.com.br\/noticias\/wp-json\/wp\/v2\/media?parent=7506"}],"wp:term":[{"taxonomy":"category","embeddable":true,"href":"https:\/\/blogdorogeriogomes.com.br\/noticias\/wp-json\/wp\/v2\/categories?post=7506"},{"taxonomy":"post_tag","embeddable":true,"href":"https:\/\/blogdorogeriogomes.com.br\/noticias\/wp-json\/wp\/v2\/tags?post=7506"}],"curies":[{"name":"wp","href":"https:\/\/api.w.org\/{rel}","templated":true}]}}