{"id":7512,"date":"2017-12-05T09:03:03","date_gmt":"2017-12-05T09:03:03","guid":{"rendered":"http:\/\/blogdorogeriogomes.com.br\/?p=7512"},"modified":"2017-12-05T09:03:03","modified_gmt":"2017-12-05T09:03:03","slug":"parte-do-ijf-2-comecara-a-funcionar-em-junho-de-2018","status":"publish","type":"post","link":"https:\/\/blogdorogeriogomes.com.br\/noticias\/2017\/12\/parte-do-ijf-2-comecara-a-funcionar-em-junho-de-2018\/","title":{"rendered":"Parte do IJF 2 come\u00e7ar\u00e1 a funcionar em junho de 2018"},"content":{"rendered":"<p><img loading=\"lazy\" decoding=\"async\" class=\"alignnone size-medium wp-image-7513\" src=\"http:\/\/blogdorogeriogomes.com.br\/wp-content\/uploads\/2017\/12\/images-5-300x200.jpeg\" alt=\"images (5)\" width=\"300\" height=\"200\" srcset=\"https:\/\/blogdorogeriogomes.com.br\/noticias\/wp-content\/uploads\/2017\/12\/images-5-300x200.jpeg 300w, https:\/\/blogdorogeriogomes.com.br\/noticias\/wp-content\/uploads\/2017\/12\/images-5.jpeg 470w\" sizes=\"auto, (max-width: 300px) 100vw, 300px\" \/><\/p>\n<p>Uma boa not\u00edcia para o setor de sa\u00fade na Capital. O prefeito Roberto Cl\u00e1udio confirmou que vai liberar para funcionamento dois dos cinco andares do novo Instituto Jos\u00e9 Frota (IJF 2), em junho de 2018. Os dois andares de enfermaria a serem liberados ter\u00e3o capacidade para 120 leitos.<br \/>\nAs obras est\u00e3o 35% conclu\u00eddas. Os servi\u00e7os no local tiveram in\u00edcio em abril do ano passado com prazo de conclus\u00e3o total em dois anos.<br \/>\nDe acordo com Roberto Cl\u00e1udio, a previs\u00e3o \u00e9 que o novo centro cir\u00fargico e os leitos de recupera\u00e7\u00e3o do IJF 2 sejam inaugurados at\u00e9 o fim de 2018.<\/p>\n","protected":false},"excerpt":{"rendered":"<p>Uma boa not\u00edcia para o setor de sa\u00fade na Capital. O prefeito Roberto Cl\u00e1udio confirmou que vai liberar para funcionamento dois dos cinco andares do novo Instituto Jos\u00e9 Frota (IJF 2), em junho de 2018. Os dois andares de enfermaria a serem liberados ter\u00e3o capacidade para 120 leitos. As obras est\u00e3o 35% conclu\u00eddas. Os servi\u00e7os no local tiveram in\u00edcio em abril do ano passado com prazo de conclus\u00e3o total em dois anos. De acordo com Roberto Cl\u00e1udio, a previs\u00e3o&hellip;<\/p>\n","protected":false},"author":1,"featured_media":0,"comment_status":"open","ping_status":"open","sticky":false,"template":"","format":"standard","meta":{"footnotes":""},"categories":[1],"tags":[],"class_list":["post-7512","post","type-post","status-publish","format-standard","hentry","category-noticias"],"_links":{"self":[{"href":"https:\/\/blogdorogeriogomes.com.br\/noticias\/wp-json\/wp\/v2\/posts\/7512","targetHints":{"allow":["GET"]}}],"collection":[{"href":"https:\/\/blogdorogeriogomes.com.br\/noticias\/wp-json\/wp\/v2\/posts"}],"about":[{"href":"https:\/\/blogdorogeriogomes.com.br\/noticias\/wp-json\/wp\/v2\/types\/post"}],"author":[{"embeddable":true,"href":"https:\/\/blogdorogeriogomes.com.br\/noticias\/wp-json\/wp\/v2\/users\/1"}],"replies":[{"embeddable":true,"href":"https:\/\/blogdorogeriogomes.com.br\/noticias\/wp-json\/wp\/v2\/comments?post=7512"}],"version-history":[{"count":1,"href":"https:\/\/blogdorogeriogomes.com.br\/noticias\/wp-json\/wp\/v2\/posts\/7512\/revisions"}],"predecessor-version":[{"id":7514,"href":"https:\/\/blogdorogeriogomes.com.br\/noticias\/wp-json\/wp\/v2\/posts\/7512\/revisions\/7514"}],"wp:attachment":[{"href":"https:\/\/blogdorogeriogomes.com.br\/noticias\/wp-json\/wp\/v2\/media?parent=7512"}],"wp:term":[{"taxonomy":"category","embeddable":true,"href":"https:\/\/blogdorogeriogomes.com.br\/noticias\/wp-json\/wp\/v2\/categories?post=7512"},{"taxonomy":"post_tag","embeddable":true,"href":"https:\/\/blogdorogeriogomes.com.br\/noticias\/wp-json\/wp\/v2\/tags?post=7512"}],"curies":[{"name":"wp","href":"https:\/\/api.w.org\/{rel}","templated":true}]}}