{"id":7515,"date":"2017-12-05T09:17:36","date_gmt":"2017-12-05T09:17:36","guid":{"rendered":"http:\/\/blogdorogeriogomes.com.br\/?p=7515"},"modified":"2017-12-05T09:17:36","modified_gmt":"2017-12-05T09:17:36","slug":"pt-estuda-lancar-jose-pimentel-para-buscar-reeleicao-ao-senado","status":"publish","type":"post","link":"https:\/\/blogdorogeriogomes.com.br\/noticias\/2017\/12\/pt-estuda-lancar-jose-pimentel-para-buscar-reeleicao-ao-senado\/","title":{"rendered":"PT estuda lan\u00e7ar Jos\u00e9 Pimentel para buscar reelei\u00e7\u00e3o ao Senado"},"content":{"rendered":"<p><img loading=\"lazy\" decoding=\"async\" class=\"alignnone size-medium wp-image-7516\" src=\"http:\/\/blogdorogeriogomes.com.br\/wp-content\/uploads\/2017\/12\/images-6-300x180.jpeg\" alt=\"images (6)\" width=\"300\" height=\"180\" srcset=\"https:\/\/blogdorogeriogomes.com.br\/noticias\/wp-content\/uploads\/2017\/12\/images-6-300x180.jpeg 300w, https:\/\/blogdorogeriogomes.com.br\/noticias\/wp-content\/uploads\/2017\/12\/images-6.jpeg 438w\" sizes=\"auto, (max-width: 300px) 100vw, 300px\" \/><\/p>\n<p><span style=\"font-weight: 400;\">A alian\u00e7a entre o governador Camilo Santana (PT) e o senador Eun\u00edcio Oliveira (PMDB) para o pleito 2018 no Cear\u00e1 est\u00e1 bem costurada. Eun\u00edcio parte para se reeleger senador. A outra vaga caberia a Cid Gomes (PDT).<\/span><\/p>\n<p><span style=\"font-weight: 400;\">Mas uma ala do PT cearense reivindica uma vaga para o Senado. Quer reeleger o senador Jos\u00e9 Pimentel, ligado a ex-prefeita de Fortaleza, Luizianne Lins. A briga interna deve ser ferrenha para garantir a candidatura de Pimentel.<\/span><\/p>\n<p><span style=\"font-weight: 400;\">Outra resolu\u00e7\u00e3o do PT \u00e9 que deve concorrer sozinho na disputa proporcional. A meta \u00e9 eleger cinco deputados estaduais (hoje tem quatro) e manter os tr\u00eas atuais na C\u00e2mara Federal.<\/span><\/p>\n","protected":false},"excerpt":{"rendered":"<p>A alian\u00e7a entre o governador Camilo Santana (PT) e o senador Eun\u00edcio Oliveira (PMDB) para o pleito 2018 no Cear\u00e1 est\u00e1 bem costurada. Eun\u00edcio parte para se reeleger senador. A outra vaga caberia a Cid Gomes (PDT). Mas uma ala do PT cearense reivindica uma vaga para o Senado. Quer reeleger o senador Jos\u00e9 Pimentel, ligado a ex-prefeita de Fortaleza, Luizianne Lins. A briga interna deve ser ferrenha para garantir a candidatura de Pimentel. Outra resolu\u00e7\u00e3o do PT \u00e9&hellip;<\/p>\n","protected":false},"author":1,"featured_media":0,"comment_status":"open","ping_status":"open","sticky":false,"template":"","format":"standard","meta":{"footnotes":""},"categories":[1],"tags":[],"class_list":["post-7515","post","type-post","status-publish","format-standard","hentry","category-noticias"],"_links":{"self":[{"href":"https:\/\/blogdorogeriogomes.com.br\/noticias\/wp-json\/wp\/v2\/posts\/7515","targetHints":{"allow":["GET"]}}],"collection":[{"href":"https:\/\/blogdorogeriogomes.com.br\/noticias\/wp-json\/wp\/v2\/posts"}],"about":[{"href":"https:\/\/blogdorogeriogomes.com.br\/noticias\/wp-json\/wp\/v2\/types\/post"}],"author":[{"embeddable":true,"href":"https:\/\/blogdorogeriogomes.com.br\/noticias\/wp-json\/wp\/v2\/users\/1"}],"replies":[{"embeddable":true,"href":"https:\/\/blogdorogeriogomes.com.br\/noticias\/wp-json\/wp\/v2\/comments?post=7515"}],"version-history":[{"count":1,"href":"https:\/\/blogdorogeriogomes.com.br\/noticias\/wp-json\/wp\/v2\/posts\/7515\/revisions"}],"predecessor-version":[{"id":7517,"href":"https:\/\/blogdorogeriogomes.com.br\/noticias\/wp-json\/wp\/v2\/posts\/7515\/revisions\/7517"}],"wp:attachment":[{"href":"https:\/\/blogdorogeriogomes.com.br\/noticias\/wp-json\/wp\/v2\/media?parent=7515"}],"wp:term":[{"taxonomy":"category","embeddable":true,"href":"https:\/\/blogdorogeriogomes.com.br\/noticias\/wp-json\/wp\/v2\/categories?post=7515"},{"taxonomy":"post_tag","embeddable":true,"href":"https:\/\/blogdorogeriogomes.com.br\/noticias\/wp-json\/wp\/v2\/tags?post=7515"}],"curies":[{"name":"wp","href":"https:\/\/api.w.org\/{rel}","templated":true}]}}