{"id":7521,"date":"2017-12-05T19:39:43","date_gmt":"2017-12-05T19:39:43","guid":{"rendered":"http:\/\/blogdorogeriogomes.com.br\/?p=7521"},"modified":"2017-12-05T19:39:43","modified_gmt":"2017-12-05T19:39:43","slug":"orcamento-tem-cortes-em-verbas-para-transposicao-e-cinturao-das-aguas-no-ceara","status":"publish","type":"post","link":"https:\/\/blogdorogeriogomes.com.br\/noticias\/2017\/12\/orcamento-tem-cortes-em-verbas-para-transposicao-e-cinturao-das-aguas-no-ceara\/","title":{"rendered":"Or\u00e7amento tem cortes em verbas para Transposi\u00e7\u00e3o e Cintur\u00e3o das \u00c1guas no Cear\u00e1"},"content":{"rendered":"<p><img loading=\"lazy\" decoding=\"async\" class=\"alignnone size-medium wp-image-7522\" src=\"http:\/\/blogdorogeriogomes.com.br\/wp-content\/uploads\/2017\/12\/images-8-300x200.jpeg\" alt=\"images (8)\" width=\"300\" height=\"200\" srcset=\"https:\/\/blogdorogeriogomes.com.br\/noticias\/wp-content\/uploads\/2017\/12\/images-8-300x200.jpeg 300w, https:\/\/blogdorogeriogomes.com.br\/noticias\/wp-content\/uploads\/2017\/12\/images-8.jpeg 469w\" sizes=\"auto, (max-width: 300px) 100vw, 300px\" \/><\/p>\n<p><span style=\"font-weight: 400;\">Na defini\u00e7\u00e3o do Or\u00e7amento da Uni\u00e3o de 2018, em discuss\u00e3o na C\u00e2mara dos Deputados, em Bras\u00edlia, houve cortes de R$ 183,7 milh\u00f5es para obras h\u00eddricas da Transposi\u00e7\u00e3o do Rio S\u00e3o Francisco e do Cintur\u00e3o das \u00c1guas no Cear\u00e1.<\/span><span style=\"font-weight: 400;\"><br \/>\n<\/span><span style=\"font-weight: 400;\">Em seu relat\u00f3rio, o deputado federal Nelson Pelegrino, do PT da Bahia, cortou R$ 105 milh\u00f5es do Eixo da Bacia do Jaguaribe e R$ 54 milh\u00f5es da manuten\u00e7\u00e3o da transposi\u00e7\u00e3o do Rio S\u00e3o Francisco, al\u00e9m de reduzir R$ 24 milh\u00f5es do Cintur\u00e3o das \u00c1guas.<\/span><span style=\"font-weight: 400;\"><br \/>\n<\/span><span style=\"font-weight: 400;\">O deputado federal Raimundo Gomes de Matos (PSDB) contestou em plen\u00e1rio a diminui\u00e7\u00e3o de R$ 183,7 milh\u00f5es previstos para o Cear\u00e1 e o acr\u00e9scimo de R$ 238 milh\u00f5es feito pelo deputado petista para obras na Bahia.<\/span><\/p>\n","protected":false},"excerpt":{"rendered":"<p>Na defini\u00e7\u00e3o do Or\u00e7amento da Uni\u00e3o de 2018, em discuss\u00e3o na C\u00e2mara dos Deputados, em Bras\u00edlia, houve cortes de R$ 183,7 milh\u00f5es para obras h\u00eddricas da Transposi\u00e7\u00e3o do Rio S\u00e3o Francisco e do Cintur\u00e3o das \u00c1guas no Cear\u00e1. Em seu relat\u00f3rio, o deputado federal Nelson Pelegrino, do PT da Bahia, cortou R$ 105 milh\u00f5es do Eixo da Bacia do Jaguaribe e R$ 54 milh\u00f5es da manuten\u00e7\u00e3o da transposi\u00e7\u00e3o do Rio S\u00e3o Francisco, al\u00e9m de reduzir R$ 24 milh\u00f5es do&hellip;<\/p>\n","protected":false},"author":1,"featured_media":0,"comment_status":"open","ping_status":"open","sticky":false,"template":"","format":"standard","meta":{"footnotes":""},"categories":[1],"tags":[],"class_list":["post-7521","post","type-post","status-publish","format-standard","hentry","category-noticias"],"_links":{"self":[{"href":"https:\/\/blogdorogeriogomes.com.br\/noticias\/wp-json\/wp\/v2\/posts\/7521","targetHints":{"allow":["GET"]}}],"collection":[{"href":"https:\/\/blogdorogeriogomes.com.br\/noticias\/wp-json\/wp\/v2\/posts"}],"about":[{"href":"https:\/\/blogdorogeriogomes.com.br\/noticias\/wp-json\/wp\/v2\/types\/post"}],"author":[{"embeddable":true,"href":"https:\/\/blogdorogeriogomes.com.br\/noticias\/wp-json\/wp\/v2\/users\/1"}],"replies":[{"embeddable":true,"href":"https:\/\/blogdorogeriogomes.com.br\/noticias\/wp-json\/wp\/v2\/comments?post=7521"}],"version-history":[{"count":1,"href":"https:\/\/blogdorogeriogomes.com.br\/noticias\/wp-json\/wp\/v2\/posts\/7521\/revisions"}],"predecessor-version":[{"id":7523,"href":"https:\/\/blogdorogeriogomes.com.br\/noticias\/wp-json\/wp\/v2\/posts\/7521\/revisions\/7523"}],"wp:attachment":[{"href":"https:\/\/blogdorogeriogomes.com.br\/noticias\/wp-json\/wp\/v2\/media?parent=7521"}],"wp:term":[{"taxonomy":"category","embeddable":true,"href":"https:\/\/blogdorogeriogomes.com.br\/noticias\/wp-json\/wp\/v2\/categories?post=7521"},{"taxonomy":"post_tag","embeddable":true,"href":"https:\/\/blogdorogeriogomes.com.br\/noticias\/wp-json\/wp\/v2\/tags?post=7521"}],"curies":[{"name":"wp","href":"https:\/\/api.w.org\/{rel}","templated":true}]}}