{"id":7527,"date":"2017-12-06T09:00:37","date_gmt":"2017-12-06T09:00:37","guid":{"rendered":"http:\/\/blogdorogeriogomes.com.br\/?p=7527"},"modified":"2017-12-06T09:00:37","modified_gmt":"2017-12-06T09:00:37","slug":"em-caravana-pelo-sudeste-lula-defende-mais-empregos-no-lugar-de-armas","status":"publish","type":"post","link":"https:\/\/blogdorogeriogomes.com.br\/noticias\/2017\/12\/em-caravana-pelo-sudeste-lula-defende-mais-empregos-no-lugar-de-armas\/","title":{"rendered":"Em caravana pelo Sudeste, Lula defende mais empregos no lugar de armas"},"content":{"rendered":"<p><img loading=\"lazy\" decoding=\"async\" class=\"alignnone size-medium wp-image-7528\" src=\"http:\/\/blogdorogeriogomes.com.br\/wp-content\/uploads\/2017\/12\/unnamed-300x135.jpg\" alt=\"unnamed\" width=\"300\" height=\"135\" srcset=\"https:\/\/blogdorogeriogomes.com.br\/noticias\/wp-content\/uploads\/2017\/12\/unnamed-300x135.jpg 300w, https:\/\/blogdorogeriogomes.com.br\/noticias\/wp-content\/uploads\/2017\/12\/unnamed.jpg 572w\" sizes=\"auto, (max-width: 300px) 100vw, 300px\" \/><\/p>\n<p><span style=\"font-weight: 400;\">O ex-presidente Luiz In\u00e1cio Lula da Silva (PT) est\u00e1 em caravana pelo Rio de Janeiro e Esp\u00edrito Santo. Ele aproveitou a plateia para alfinetar a proposta do presidenci\u00e1vel Jair Bolsonaro (PSC), que aparece em segundo lugar nas pesquisas, atr\u00e1s de Lula, que prop\u00f5e armar a popula\u00e7\u00e3o.<\/span><\/p>\n<p><span style=\"font-weight: 400;\">Lula disparou que a solu\u00e7\u00e3o para diminuir os \u00edndices de viol\u00eancia no Brasil \u00e9 dar emprego e sal\u00e1rio para a popula\u00e7\u00e3o pobre no lugar de estar liberando distribui\u00e7\u00e3o de arma de fogo.<\/span><span style=\"font-weight: 400;\"><br \/>\n<\/span><span style=\"font-weight: 400;\">O petista ainda refor\u00e7ou que n\u00e3o vai ser distribuindo arma no campo que vai se resolver os conflitos entre fazendeiros e trabalhadores ligados ao MST.<\/span><span style=\"font-weight: 400;\"><br \/>\n<\/span><span style=\"font-weight: 400;\">O uso de fuzis por fazendeiros contra invas\u00f5es de militantes do MST j\u00e1 foi defendido publicamente pelo deputado federal Jair Bolsonaro, que tem a libera\u00e7\u00e3o do porte de armas entre suas principais bandeiras.<\/span><\/p>\n","protected":false},"excerpt":{"rendered":"<p>O ex-presidente Luiz In\u00e1cio Lula da Silva (PT) est\u00e1 em caravana pelo Rio de Janeiro e Esp\u00edrito Santo. Ele aproveitou a plateia para alfinetar a proposta do presidenci\u00e1vel Jair Bolsonaro (PSC), que aparece em segundo lugar nas pesquisas, atr\u00e1s de Lula, que prop\u00f5e armar a popula\u00e7\u00e3o. Lula disparou que a solu\u00e7\u00e3o para diminuir os \u00edndices de viol\u00eancia no Brasil \u00e9 dar emprego e sal\u00e1rio para a popula\u00e7\u00e3o pobre no lugar de estar liberando distribui\u00e7\u00e3o de arma de fogo. O&hellip;<\/p>\n","protected":false},"author":1,"featured_media":0,"comment_status":"open","ping_status":"open","sticky":false,"template":"","format":"standard","meta":{"footnotes":""},"categories":[1],"tags":[],"class_list":["post-7527","post","type-post","status-publish","format-standard","hentry","category-noticias"],"_links":{"self":[{"href":"https:\/\/blogdorogeriogomes.com.br\/noticias\/wp-json\/wp\/v2\/posts\/7527","targetHints":{"allow":["GET"]}}],"collection":[{"href":"https:\/\/blogdorogeriogomes.com.br\/noticias\/wp-json\/wp\/v2\/posts"}],"about":[{"href":"https:\/\/blogdorogeriogomes.com.br\/noticias\/wp-json\/wp\/v2\/types\/post"}],"author":[{"embeddable":true,"href":"https:\/\/blogdorogeriogomes.com.br\/noticias\/wp-json\/wp\/v2\/users\/1"}],"replies":[{"embeddable":true,"href":"https:\/\/blogdorogeriogomes.com.br\/noticias\/wp-json\/wp\/v2\/comments?post=7527"}],"version-history":[{"count":1,"href":"https:\/\/blogdorogeriogomes.com.br\/noticias\/wp-json\/wp\/v2\/posts\/7527\/revisions"}],"predecessor-version":[{"id":7529,"href":"https:\/\/blogdorogeriogomes.com.br\/noticias\/wp-json\/wp\/v2\/posts\/7527\/revisions\/7529"}],"wp:attachment":[{"href":"https:\/\/blogdorogeriogomes.com.br\/noticias\/wp-json\/wp\/v2\/media?parent=7527"}],"wp:term":[{"taxonomy":"category","embeddable":true,"href":"https:\/\/blogdorogeriogomes.com.br\/noticias\/wp-json\/wp\/v2\/categories?post=7527"},{"taxonomy":"post_tag","embeddable":true,"href":"https:\/\/blogdorogeriogomes.com.br\/noticias\/wp-json\/wp\/v2\/tags?post=7527"}],"curies":[{"name":"wp","href":"https:\/\/api.w.org\/{rel}","templated":true}]}}