{"id":7530,"date":"2017-12-06T09:06:19","date_gmt":"2017-12-06T09:06:19","guid":{"rendered":"http:\/\/blogdorogeriogomes.com.br\/?p=7530"},"modified":"2017-12-06T09:06:19","modified_gmt":"2017-12-06T09:06:19","slug":"apos-reforma-trabalhista-instituicoes-adotam-novo-modelo-de-contratacao","status":"publish","type":"post","link":"https:\/\/blogdorogeriogomes.com.br\/noticias\/2017\/12\/apos-reforma-trabalhista-instituicoes-adotam-novo-modelo-de-contratacao\/","title":{"rendered":"Ap\u00f3s reforma trabalhista, institui\u00e7\u00f5es adotam novo modelo de contrata\u00e7\u00e3o"},"content":{"rendered":"<p><img loading=\"lazy\" decoding=\"async\" class=\"alignnone size-medium wp-image-7531\" src=\"http:\/\/blogdorogeriogomes.com.br\/wp-content\/uploads\/2017\/12\/images-10-300x187.jpeg\" alt=\"images (10)\" width=\"300\" height=\"187\" srcset=\"https:\/\/blogdorogeriogomes.com.br\/noticias\/wp-content\/uploads\/2017\/12\/images-10-300x187.jpeg 300w, https:\/\/blogdorogeriogomes.com.br\/noticias\/wp-content\/uploads\/2017\/12\/images-10.jpeg 485w\" sizes=\"auto, (max-width: 300px) 100vw, 300px\" \/><\/p>\n<p><span style=\"font-weight: 400;\">A reforma trabalhista est\u00e1 em vigor no Pa\u00eds e come\u00e7a a gerar efeitos na forma de empresas e institui\u00e7\u00f5es de ensino lidarem com seus funcion\u00e1rios. Quase um m\u00eas ap\u00f3s a entrada em vigor das novas regras trabalhistas, o grupo de ensino superior Est\u00e1cio, que atua em v\u00e1rios estados, inclusive no Cear\u00e1, decidiu demitir 1.200 professores. A institui\u00e7\u00e3o tem cerca de 10 mil docentes em todo o Brasil.<\/span><\/p>\n<p><span style=\"font-weight: 400;\">E qual \u00e9 o objetivo? Novos profissionais ser\u00e3o recontratados para substituir os dispensados sob o modelo trabalhista renovado. A empresa diz que lan\u00e7ou &#8220;um cadastro reserva de docentes para atender poss\u00edveis demandas nos pr\u00f3ximos semestres, de acordo com as evolu\u00e7\u00f5es curriculares&#8221;.<\/span><\/p>\n<p><span style=\"font-weight: 400;\">A nova lei trabalhista formalizou o trabalho intermitente, permitindo que as empresas criem um banco de funcion\u00e1rios que podem ser acionados quando houver demanda. O pagamento \u00e9 proporcional ao tempo dedicado.<\/span><\/p>\n","protected":false},"excerpt":{"rendered":"<p>A reforma trabalhista est\u00e1 em vigor no Pa\u00eds e come\u00e7a a gerar efeitos na forma de empresas e institui\u00e7\u00f5es de ensino lidarem com seus funcion\u00e1rios. Quase um m\u00eas ap\u00f3s a entrada em vigor das novas regras trabalhistas, o grupo de ensino superior Est\u00e1cio, que atua em v\u00e1rios estados, inclusive no Cear\u00e1, decidiu demitir 1.200 professores. A institui\u00e7\u00e3o tem cerca de 10 mil docentes em todo o Brasil. E qual \u00e9 o objetivo? Novos profissionais ser\u00e3o recontratados para substituir os&hellip;<\/p>\n","protected":false},"author":1,"featured_media":0,"comment_status":"open","ping_status":"open","sticky":false,"template":"","format":"standard","meta":{"footnotes":""},"categories":[1],"tags":[],"class_list":["post-7530","post","type-post","status-publish","format-standard","hentry","category-noticias"],"_links":{"self":[{"href":"https:\/\/blogdorogeriogomes.com.br\/noticias\/wp-json\/wp\/v2\/posts\/7530","targetHints":{"allow":["GET"]}}],"collection":[{"href":"https:\/\/blogdorogeriogomes.com.br\/noticias\/wp-json\/wp\/v2\/posts"}],"about":[{"href":"https:\/\/blogdorogeriogomes.com.br\/noticias\/wp-json\/wp\/v2\/types\/post"}],"author":[{"embeddable":true,"href":"https:\/\/blogdorogeriogomes.com.br\/noticias\/wp-json\/wp\/v2\/users\/1"}],"replies":[{"embeddable":true,"href":"https:\/\/blogdorogeriogomes.com.br\/noticias\/wp-json\/wp\/v2\/comments?post=7530"}],"version-history":[{"count":1,"href":"https:\/\/blogdorogeriogomes.com.br\/noticias\/wp-json\/wp\/v2\/posts\/7530\/revisions"}],"predecessor-version":[{"id":7532,"href":"https:\/\/blogdorogeriogomes.com.br\/noticias\/wp-json\/wp\/v2\/posts\/7530\/revisions\/7532"}],"wp:attachment":[{"href":"https:\/\/blogdorogeriogomes.com.br\/noticias\/wp-json\/wp\/v2\/media?parent=7530"}],"wp:term":[{"taxonomy":"category","embeddable":true,"href":"https:\/\/blogdorogeriogomes.com.br\/noticias\/wp-json\/wp\/v2\/categories?post=7530"},{"taxonomy":"post_tag","embeddable":true,"href":"https:\/\/blogdorogeriogomes.com.br\/noticias\/wp-json\/wp\/v2\/tags?post=7530"}],"curies":[{"name":"wp","href":"https:\/\/api.w.org\/{rel}","templated":true}]}}