{"id":7533,"date":"2017-12-07T00:47:24","date_gmt":"2017-12-07T00:47:24","guid":{"rendered":"http:\/\/blogdorogeriogomes.com.br\/?p=7533"},"modified":"2017-12-07T00:47:24","modified_gmt":"2017-12-07T00:47:24","slug":"tiririca-ganha-a-midia-com-uma-renuncia-que-ainda-nao-aconteceu","status":"publish","type":"post","link":"https:\/\/blogdorogeriogomes.com.br\/noticias\/2017\/12\/tiririca-ganha-a-midia-com-uma-renuncia-que-ainda-nao-aconteceu\/","title":{"rendered":"Tiririca ganha a m\u00eddia com uma \u201cren\u00fancia\u201d que ainda n\u00e3o aconteceu"},"content":{"rendered":"<p><img loading=\"lazy\" decoding=\"async\" class=\"alignnone size-medium wp-image-7534\" src=\"http:\/\/blogdorogeriogomes.com.br\/wp-content\/uploads\/2017\/12\/Tiririca-300x180.jpg\" alt=\"Tiririca\" width=\"300\" height=\"180\" srcset=\"https:\/\/blogdorogeriogomes.com.br\/noticias\/wp-content\/uploads\/2017\/12\/Tiririca-300x180.jpg 300w, https:\/\/blogdorogeriogomes.com.br\/noticias\/wp-content\/uploads\/2017\/12\/Tiririca.jpg 699w\" sizes=\"auto, (max-width: 300px) 100vw, 300px\" \/><\/p>\n<p><span style=\"font-weight: 400;\">A tarde desta quarta-feira, dia 6 de dezembro,foi de milhares de compartilhamentos nas redes sociais de que o deputado\/palha\u00e7o Tiririca estaria renunciando ao mandato. O humorista cearense, enfim, subiu \u00e0 tribuna da C\u00e2mara Federal para fazer um discurso j\u00e1 no segundo mandato parlamentar. \u00c9 muito pouco, n\u00e3o \u00e9? Discursou para se dizer \u201ctotalmente envergonhado\u201d com a pol\u00edtica e cobrar que os colegas parlamentares \u201colhem mais\u201d pela popula\u00e7\u00e3o carente do Brasil.<\/span><\/p>\n<p><span style=\"font-weight: 400;\">Ora, ora&#8230;um parlamentar j\u00e1 em segundo mandato na C\u00e2mara Federal teria condi\u00e7\u00e3o de ter produzido mais do que isso. Assessoria parlamentar serve para ajudar a formular projetos, fazer um mandato funcionar, mesmo com tantos obst\u00e1culos, como \u00e9 o caso da C\u00e2mara dos Deputados.<\/span><\/p>\n<p><span style=\"font-weight: 400;\">Se Tiririca est\u00e1 abandonando a pol\u00edtica ao fim do mandato em 2018, sem problemas. Se acha que n\u00e3o est\u00e1 na sua \u201cpraia\u201d, tem mais \u00e9 que continuar fazendo humor mesmo. Agora se est\u00e1 usando esse oba-oba na m\u00eddia com outros objetivos eleitoreiros, a\u00ed vou te dizer\u2026O tempo vai mostrar.<\/span><\/p>\n","protected":false},"excerpt":{"rendered":"<p>A tarde desta quarta-feira, dia 6 de dezembro,foi de milhares de compartilhamentos nas redes sociais de que o deputado\/palha\u00e7o Tiririca estaria renunciando ao mandato. O humorista cearense, enfim, subiu \u00e0 tribuna da C\u00e2mara Federal para fazer um discurso j\u00e1 no segundo mandato parlamentar. \u00c9 muito pouco, n\u00e3o \u00e9? Discursou para se dizer \u201ctotalmente envergonhado\u201d com a pol\u00edtica e cobrar que os colegas parlamentares \u201colhem mais\u201d pela popula\u00e7\u00e3o carente do Brasil. Ora, ora&#8230;um parlamentar j\u00e1 em segundo mandato na C\u00e2mara&hellip;<\/p>\n","protected":false},"author":1,"featured_media":0,"comment_status":"open","ping_status":"open","sticky":false,"template":"","format":"standard","meta":{"footnotes":""},"categories":[1],"tags":[],"class_list":["post-7533","post","type-post","status-publish","format-standard","hentry","category-noticias"],"_links":{"self":[{"href":"https:\/\/blogdorogeriogomes.com.br\/noticias\/wp-json\/wp\/v2\/posts\/7533","targetHints":{"allow":["GET"]}}],"collection":[{"href":"https:\/\/blogdorogeriogomes.com.br\/noticias\/wp-json\/wp\/v2\/posts"}],"about":[{"href":"https:\/\/blogdorogeriogomes.com.br\/noticias\/wp-json\/wp\/v2\/types\/post"}],"author":[{"embeddable":true,"href":"https:\/\/blogdorogeriogomes.com.br\/noticias\/wp-json\/wp\/v2\/users\/1"}],"replies":[{"embeddable":true,"href":"https:\/\/blogdorogeriogomes.com.br\/noticias\/wp-json\/wp\/v2\/comments?post=7533"}],"version-history":[{"count":1,"href":"https:\/\/blogdorogeriogomes.com.br\/noticias\/wp-json\/wp\/v2\/posts\/7533\/revisions"}],"predecessor-version":[{"id":7535,"href":"https:\/\/blogdorogeriogomes.com.br\/noticias\/wp-json\/wp\/v2\/posts\/7533\/revisions\/7535"}],"wp:attachment":[{"href":"https:\/\/blogdorogeriogomes.com.br\/noticias\/wp-json\/wp\/v2\/media?parent=7533"}],"wp:term":[{"taxonomy":"category","embeddable":true,"href":"https:\/\/blogdorogeriogomes.com.br\/noticias\/wp-json\/wp\/v2\/categories?post=7533"},{"taxonomy":"post_tag","embeddable":true,"href":"https:\/\/blogdorogeriogomes.com.br\/noticias\/wp-json\/wp\/v2\/tags?post=7533"}],"curies":[{"name":"wp","href":"https:\/\/api.w.org\/{rel}","templated":true}]}}