{"id":7539,"date":"2017-12-07T09:49:28","date_gmt":"2017-12-07T09:49:28","guid":{"rendered":"http:\/\/blogdorogeriogomes.com.br\/?p=7539"},"modified":"2017-12-07T09:49:28","modified_gmt":"2017-12-07T09:49:28","slug":"novos-tuneis-da-via-expressa-tem-datas-de-conclusao-definidas-pela-pmf","status":"publish","type":"post","link":"https:\/\/blogdorogeriogomes.com.br\/noticias\/2017\/12\/novos-tuneis-da-via-expressa-tem-datas-de-conclusao-definidas-pela-pmf\/","title":{"rendered":"Novos t\u00faneis da Via Expressa t\u00eam datas de conclus\u00e3o definidas pela PMF"},"content":{"rendered":"<p><img loading=\"lazy\" decoding=\"async\" class=\"alignnone size-medium wp-image-7540\" src=\"http:\/\/blogdorogeriogomes.com.br\/wp-content\/uploads\/2017\/12\/images-12-300x199.jpeg\" alt=\"images (12)\" width=\"300\" height=\"199\" srcset=\"https:\/\/blogdorogeriogomes.com.br\/noticias\/wp-content\/uploads\/2017\/12\/images-12-300x199.jpeg 300w, https:\/\/blogdorogeriogomes.com.br\/noticias\/wp-content\/uploads\/2017\/12\/images-12.jpeg 417w\" sizes=\"auto, (max-width: 300px) 100vw, 300px\" \/><\/p>\n<p><span style=\"font-weight: 400;\">A Prefeitura de Fortaleza estima concluir os dois t\u00faneis previstos para a Via Expressa, na Capital, at\u00e9 maio de 2019. O primeiro localizado sob a Av. Almirante Henrique Sab\u00f3ia, no trecho compreendido entre as avenidas Padre Ant\u00f4nio Tom\u00e1s e Santos Dumont, est\u00e1 em execu\u00e7\u00e3o desde julho deste ano e tem previs\u00e3o de entrega em dezembro de 2018.<\/span><\/p>\n<p><span style=\"font-weight: 400;\">O segundo t\u00fanel na Alberto S\u00e1 sob a Via Expressa ter\u00e1 as obras iniciadas no pr\u00f3ximo dia 15 de dezembro. A entrega desse est\u00e1 prevista para maio de 2019.<\/span><\/p>\n<p><span style=\"font-weight: 400;\">Os dois equipamentos s\u00e3o fundamentais para a implanta\u00e7\u00e3o do corredor expresso de \u00f4nibus Parangaba\/Papicu, que ir\u00e1 permitir a interliga\u00e7\u00e3o dos bairros Mucuripe e Parangaba.<\/span><\/p>\n","protected":false},"excerpt":{"rendered":"<p>A Prefeitura de Fortaleza estima concluir os dois t\u00faneis previstos para a Via Expressa, na Capital, at\u00e9 maio de 2019. O primeiro localizado sob a Av. Almirante Henrique Sab\u00f3ia, no trecho compreendido entre as avenidas Padre Ant\u00f4nio Tom\u00e1s e Santos Dumont, est\u00e1 em execu\u00e7\u00e3o desde julho deste ano e tem previs\u00e3o de entrega em dezembro de 2018. O segundo t\u00fanel na Alberto S\u00e1 sob a Via Expressa ter\u00e1 as obras iniciadas no pr\u00f3ximo dia 15 de dezembro. A entrega&hellip;<\/p>\n","protected":false},"author":1,"featured_media":0,"comment_status":"open","ping_status":"open","sticky":false,"template":"","format":"standard","meta":{"footnotes":""},"categories":[1],"tags":[],"class_list":["post-7539","post","type-post","status-publish","format-standard","hentry","category-noticias"],"_links":{"self":[{"href":"https:\/\/blogdorogeriogomes.com.br\/noticias\/wp-json\/wp\/v2\/posts\/7539","targetHints":{"allow":["GET"]}}],"collection":[{"href":"https:\/\/blogdorogeriogomes.com.br\/noticias\/wp-json\/wp\/v2\/posts"}],"about":[{"href":"https:\/\/blogdorogeriogomes.com.br\/noticias\/wp-json\/wp\/v2\/types\/post"}],"author":[{"embeddable":true,"href":"https:\/\/blogdorogeriogomes.com.br\/noticias\/wp-json\/wp\/v2\/users\/1"}],"replies":[{"embeddable":true,"href":"https:\/\/blogdorogeriogomes.com.br\/noticias\/wp-json\/wp\/v2\/comments?post=7539"}],"version-history":[{"count":1,"href":"https:\/\/blogdorogeriogomes.com.br\/noticias\/wp-json\/wp\/v2\/posts\/7539\/revisions"}],"predecessor-version":[{"id":7541,"href":"https:\/\/blogdorogeriogomes.com.br\/noticias\/wp-json\/wp\/v2\/posts\/7539\/revisions\/7541"}],"wp:attachment":[{"href":"https:\/\/blogdorogeriogomes.com.br\/noticias\/wp-json\/wp\/v2\/media?parent=7539"}],"wp:term":[{"taxonomy":"category","embeddable":true,"href":"https:\/\/blogdorogeriogomes.com.br\/noticias\/wp-json\/wp\/v2\/categories?post=7539"},{"taxonomy":"post_tag","embeddable":true,"href":"https:\/\/blogdorogeriogomes.com.br\/noticias\/wp-json\/wp\/v2\/tags?post=7539"}],"curies":[{"name":"wp","href":"https:\/\/api.w.org\/{rel}","templated":true}]}}