{"id":7542,"date":"2017-12-07T10:15:05","date_gmt":"2017-12-07T10:15:05","guid":{"rendered":"http:\/\/blogdorogeriogomes.com.br\/?p=7542"},"modified":"2017-12-07T10:15:05","modified_gmt":"2017-12-07T10:15:05","slug":"vereador-da-capital-tenta-aumentar-recursos-para-o-programa-aluguel-social","status":"publish","type":"post","link":"https:\/\/blogdorogeriogomes.com.br\/noticias\/2017\/12\/vereador-da-capital-tenta-aumentar-recursos-para-o-programa-aluguel-social\/","title":{"rendered":"Vereador da Capital tenta aumentar recursos para o Programa Aluguel Social"},"content":{"rendered":"<p><img loading=\"lazy\" decoding=\"async\" class=\"alignnone size-medium wp-image-7543\" src=\"http:\/\/blogdorogeriogomes.com.br\/wp-content\/uploads\/2017\/12\/unnamed-1-300x199.jpg\" alt=\"unnamed (1)\" width=\"300\" height=\"199\" \/><\/p>\n<p><span style=\"font-weight: 400;\">Uma pauta importante na C\u00e2mara Municipal de Fortaleza em benef\u00edcio de pessoas que vivem a situa\u00e7\u00e3o de falta de moradia pr\u00f3pria. O vereador Benigno J\u00fanior (PSD) busca apoio de colegas parlamentares para aumentar os recursos do programa do aluguel social na Capital em 2018.<\/span><\/p>\n<p><span style=\"font-weight: 400;\">A ideia \u00e9 que vereadores contribuam com R$ 50 mil de suas emendas no Or\u00e7amento Municipal para o programa. A pe\u00e7a or\u00e7ament\u00e1ria do pr\u00f3ximo ano precisa ser votada na C\u00e2mara Municipal at\u00e9 o fim de dezembro.<\/span><\/p>\n<p><span style=\"font-weight: 400;\">Hoje, a pol\u00edtica do aluguel social em Fortaleza beneficia apenas 900 fam\u00edlias. O benef\u00edcio consiste no pagamento de cerca de R$ 400 pela Prefeitura para pessoas de baixa renda sem casa pr\u00f3pria \u00e9 que precisam pagar aluguel.<\/span><\/p>\n","protected":false},"excerpt":{"rendered":"<p>Uma pauta importante na C\u00e2mara Municipal de Fortaleza em benef\u00edcio de pessoas que vivem a situa\u00e7\u00e3o de falta de moradia pr\u00f3pria. O vereador Benigno J\u00fanior (PSD) busca apoio de colegas parlamentares para aumentar os recursos do programa do aluguel social na Capital em 2018. A ideia \u00e9 que vereadores contribuam com R$ 50 mil de suas emendas no Or\u00e7amento Municipal para o programa. A pe\u00e7a or\u00e7ament\u00e1ria do pr\u00f3ximo ano precisa ser votada na C\u00e2mara Municipal at\u00e9 o fim de&hellip;<\/p>\n","protected":false},"author":1,"featured_media":0,"comment_status":"open","ping_status":"open","sticky":false,"template":"","format":"standard","meta":{"footnotes":""},"categories":[1],"tags":[],"class_list":["post-7542","post","type-post","status-publish","format-standard","hentry","category-noticias"],"_links":{"self":[{"href":"https:\/\/blogdorogeriogomes.com.br\/noticias\/wp-json\/wp\/v2\/posts\/7542","targetHints":{"allow":["GET"]}}],"collection":[{"href":"https:\/\/blogdorogeriogomes.com.br\/noticias\/wp-json\/wp\/v2\/posts"}],"about":[{"href":"https:\/\/blogdorogeriogomes.com.br\/noticias\/wp-json\/wp\/v2\/types\/post"}],"author":[{"embeddable":true,"href":"https:\/\/blogdorogeriogomes.com.br\/noticias\/wp-json\/wp\/v2\/users\/1"}],"replies":[{"embeddable":true,"href":"https:\/\/blogdorogeriogomes.com.br\/noticias\/wp-json\/wp\/v2\/comments?post=7542"}],"version-history":[{"count":1,"href":"https:\/\/blogdorogeriogomes.com.br\/noticias\/wp-json\/wp\/v2\/posts\/7542\/revisions"}],"predecessor-version":[{"id":7544,"href":"https:\/\/blogdorogeriogomes.com.br\/noticias\/wp-json\/wp\/v2\/posts\/7542\/revisions\/7544"}],"wp:attachment":[{"href":"https:\/\/blogdorogeriogomes.com.br\/noticias\/wp-json\/wp\/v2\/media?parent=7542"}],"wp:term":[{"taxonomy":"category","embeddable":true,"href":"https:\/\/blogdorogeriogomes.com.br\/noticias\/wp-json\/wp\/v2\/categories?post=7542"},{"taxonomy":"post_tag","embeddable":true,"href":"https:\/\/blogdorogeriogomes.com.br\/noticias\/wp-json\/wp\/v2\/tags?post=7542"}],"curies":[{"name":"wp","href":"https:\/\/api.w.org\/{rel}","templated":true}]}}