{"id":7554,"date":"2017-12-08T09:18:31","date_gmt":"2017-12-08T09:18:31","guid":{"rendered":"http:\/\/blogdorogeriogomes.com.br\/?p=7554"},"modified":"2017-12-08T09:18:31","modified_gmt":"2017-12-08T09:18:31","slug":"reducao-no-repasse-do-fundeb-deixa-prefeitos-cearenses-apreensivos","status":"publish","type":"post","link":"https:\/\/blogdorogeriogomes.com.br\/noticias\/2017\/12\/reducao-no-repasse-do-fundeb-deixa-prefeitos-cearenses-apreensivos\/","title":{"rendered":"Redu\u00e7\u00e3o no repasse do Fundeb deixa prefeitos cearenses apreensivos"},"content":{"rendered":"<p><img loading=\"lazy\" decoding=\"async\" class=\"alignnone size-medium wp-image-7555\" src=\"http:\/\/blogdorogeriogomes.com.br\/wp-content\/uploads\/2017\/12\/images-16-300x225.jpeg\" alt=\"images (16)\" width=\"300\" height=\"225\" srcset=\"https:\/\/blogdorogeriogomes.com.br\/noticias\/wp-content\/uploads\/2017\/12\/images-16-300x225.jpeg 300w, https:\/\/blogdorogeriogomes.com.br\/noticias\/wp-content\/uploads\/2017\/12\/images-16.jpeg 443w\" sizes=\"auto, (max-width: 300px) 100vw, 300px\" \/><\/p>\n<p><span style=\"font-weight: 400;\">Prefeitos municipais do Cear\u00e1 est\u00e3o apreensivos com o an\u00fancio do Governo Federal em reduzir pela metade o repasse do Fundo de Manuten\u00e7\u00e3o e Desenvolvimento da Educa\u00e7\u00e3o B\u00e1sica e de Valoriza\u00e7\u00e3o dos Profissionais da Educa\u00e7\u00e3o (Fundeb). A estimativa \u00e9 de uma queda de arrecada\u00e7\u00e3o em torno de R$ 196 milh\u00f5es em todo o Estado.<\/span><\/p>\n<p><span style=\"font-weight: 400;\">O temor \u00e9 que a diminui\u00e7\u00e3o no repasse do Fundeb venha acarretar at\u00e9 o atraso no pagamento de sal\u00e1rios dos professores em algumas cidades cearenses. O Fundeb \u00e9 considerado uma das principais receitas das Prefeituras, junto com o Fundo de Participa\u00e7\u00e3o dos Munic\u00edpios (FPM). A redu\u00e7\u00e3o no repasse estaria relacionada aos meses de novembro, dezembro deste ano e janeiro de 2018.<\/span><\/p>\n","protected":false},"excerpt":{"rendered":"<p>Prefeitos municipais do Cear\u00e1 est\u00e3o apreensivos com o an\u00fancio do Governo Federal em reduzir pela metade o repasse do Fundo de Manuten\u00e7\u00e3o e Desenvolvimento da Educa\u00e7\u00e3o B\u00e1sica e de Valoriza\u00e7\u00e3o dos Profissionais da Educa\u00e7\u00e3o (Fundeb). A estimativa \u00e9 de uma queda de arrecada\u00e7\u00e3o em torno de R$ 196 milh\u00f5es em todo o Estado. O temor \u00e9 que a diminui\u00e7\u00e3o no repasse do Fundeb venha acarretar at\u00e9 o atraso no pagamento de sal\u00e1rios dos professores em algumas cidades cearenses. O&hellip;<\/p>\n","protected":false},"author":1,"featured_media":0,"comment_status":"open","ping_status":"open","sticky":false,"template":"","format":"standard","meta":{"footnotes":""},"categories":[1],"tags":[],"class_list":["post-7554","post","type-post","status-publish","format-standard","hentry","category-noticias"],"_links":{"self":[{"href":"https:\/\/blogdorogeriogomes.com.br\/noticias\/wp-json\/wp\/v2\/posts\/7554","targetHints":{"allow":["GET"]}}],"collection":[{"href":"https:\/\/blogdorogeriogomes.com.br\/noticias\/wp-json\/wp\/v2\/posts"}],"about":[{"href":"https:\/\/blogdorogeriogomes.com.br\/noticias\/wp-json\/wp\/v2\/types\/post"}],"author":[{"embeddable":true,"href":"https:\/\/blogdorogeriogomes.com.br\/noticias\/wp-json\/wp\/v2\/users\/1"}],"replies":[{"embeddable":true,"href":"https:\/\/blogdorogeriogomes.com.br\/noticias\/wp-json\/wp\/v2\/comments?post=7554"}],"version-history":[{"count":1,"href":"https:\/\/blogdorogeriogomes.com.br\/noticias\/wp-json\/wp\/v2\/posts\/7554\/revisions"}],"predecessor-version":[{"id":7556,"href":"https:\/\/blogdorogeriogomes.com.br\/noticias\/wp-json\/wp\/v2\/posts\/7554\/revisions\/7556"}],"wp:attachment":[{"href":"https:\/\/blogdorogeriogomes.com.br\/noticias\/wp-json\/wp\/v2\/media?parent=7554"}],"wp:term":[{"taxonomy":"category","embeddable":true,"href":"https:\/\/blogdorogeriogomes.com.br\/noticias\/wp-json\/wp\/v2\/categories?post=7554"},{"taxonomy":"post_tag","embeddable":true,"href":"https:\/\/blogdorogeriogomes.com.br\/noticias\/wp-json\/wp\/v2\/tags?post=7554"}],"curies":[{"name":"wp","href":"https:\/\/api.w.org\/{rel}","templated":true}]}}